{"id":105072,"date":"2017-01-22T00:00:10","date_gmt":"2017-01-22T03:00:10","guid":{"rendered":"http:\/\/notinor.com\/jujuy\/?p=105072"},"modified":"2017-01-21T17:13:48","modified_gmt":"2017-01-21T20:13:48","slug":"massa-sobre-su-candidatura-lo-definire-a-fin-de-marzo","status":"publish","type":"post","link":"https:\/\/notinor.com\/jujuy\/massa-sobre-su-candidatura-lo-definire-a-fin-de-marzo\/","title":{"rendered":"Massa  sobre su candidatura:  \"Lo definir\u00e9 a fin de marzo\""},"content":{"rendered":"<p><a href=\"http:\/\/notinor.com\/jujuy\/wp-content\/uploads\/2017\/01\/massa-stolbizer2.jpg\"><img decoding=\"async\" loading=\"lazy\" class=\"alignnone size-full wp-image-105073\" src=\"http:\/\/notinor.com\/jujuy\/wp-content\/uploads\/2017\/01\/massa-stolbizer2.jpg\" alt=\"massa stolbizer\" width=\"660\" height=\"360\" srcset=\"https:\/\/notinor.com\/jujuy\/wp-content\/uploads\/2017\/01\/massa-stolbizer2.jpg 660w, https:\/\/notinor.com\/jujuy\/wp-content\/uploads\/2017\/01\/massa-stolbizer2-300x164.jpg 300w\" sizes=\"(max-width: 660px) 100vw, 660px\" \/><\/a><\/p>\n<p>Sergio Massa advirti\u00f3 que resolver\u00e1 en el congreso de su espacio si ser\u00e1 candidato en las elecciones legislativas y afirm\u00f3 que en abril se definir\u00e1 la \"pol\u00edtica de alianzas\" junto al GEN de Margarita Stolbizer.<\/p>\n<p>El jefe del Frente Renovador, Sergio Massa, advirti\u00f3 este s\u00e1bado que resolver\u00e1 si ser\u00e1 candidato en las elecciones legislativas \"a fin de marzo\", en el marco de un congreso de su espacio, mientras en \"abril\" se definir\u00e1 la \"pol\u00edtica de alianzas\" junto al GEN de Margarita Stolbizer.<\/p>\n<p>\"No tomamos la decisi\u00f3n hasta fin de marzo en el congreso del Frente Renovador\", dijo Massa y a\u00f1adi\u00f3: \"Tenemos acordada, adem\u00e1s, una simultaneidad para que sea en la \u00faltima semana de marzo y el congreso del GEN sea en la primera semana de abril, y la pol\u00edtica de alianzas la definamos en la segunda semana de abril\".<\/p>\n<p>Sobre su eventual acuerdo con Stolbizer para las elecciones de octubre, Massa sostuvo que \"en el marco de ese cronograma nos vamos a mover\".<\/p>\n<p>\"No nos vamos a anticipar porque hay muchos temas para trabajar\", a\u00f1adi\u00f3, en declaraciones a radio Continental.<\/p>\n","protected":false},"excerpt":{"rendered":"<p>Sergio Massa advirti\u00f3 que resolver\u00e1 en el congreso de su espacio si ser\u00e1 candidato en las elecciones legislativas y afirm\u00f3 que en abril se definir\u00e1 la \"pol\u00edtica de alianzas\" junto al GEN de Margarita Stolbizer. El jefe del Frente Renovador, Sergio Massa, advirti\u00f3 este s\u00e1bado que resolver\u00e1 si ser\u00e1 candidato en las elecciones legislativas \"a [&hellip;]<\/p>\n","protected":false},"author":1,"featured_media":105073,"comment_status":"open","ping_status":"open","sticky":false,"template":"","format":"standard","meta":{"_stopmodifiedupdate":false,"_modified_date":"","inline_featured_image":false},"categories":[501],"tags":[],"jetpack_featured_media_url":"https:\/\/notinor.com\/jujuy\/wp-content\/uploads\/2017\/01\/massa-stolbizer2.jpg","_links":{"self":[{"href":"https:\/\/notinor.com\/jujuy\/wp-json\/wp\/v2\/posts\/105072"}],"collection":[{"href":"https:\/\/notinor.com\/jujuy\/wp-json\/wp\/v2\/posts"}],"about":[{"href":"https:\/\/notinor.com\/jujuy\/wp-json\/wp\/v2\/types\/post"}],"author":[{"embeddable":true,"href":"https:\/\/notinor.com\/jujuy\/wp-json\/wp\/v2\/users\/1"}],"replies":[{"embeddable":true,"href":"https:\/\/notinor.com\/jujuy\/wp-json\/wp\/v2\/comments?post=105072"}],"version-history":[{"count":1,"href":"https:\/\/notinor.com\/jujuy\/wp-json\/wp\/v2\/posts\/105072\/revisions"}],"predecessor-version":[{"id":105074,"href":"https:\/\/notinor.com\/jujuy\/wp-json\/wp\/v2\/posts\/105072\/revisions\/105074"}],"wp:featuredmedia":[{"embeddable":true,"href":"https:\/\/notinor.com\/jujuy\/wp-json\/wp\/v2\/media\/105073"}],"wp:attachment":[{"href":"https:\/\/notinor.com\/jujuy\/wp-json\/wp\/v2\/media?parent=105072"}],"wp:term":[{"taxonomy":"category","embeddable":true,"href":"https:\/\/notinor.com\/jujuy\/wp-json\/wp\/v2\/categories?post=105072"},{"taxonomy":"post_tag","embeddable":true,"href":"https:\/\/notinor.com\/jujuy\/wp-json\/wp\/v2\/tags?post=105072"}],"curies":[{"name":"wp","href":"https:\/\/api.w.org\/{rel}","templated":true}]}}