{"id":104816,"date":"2017-01-19T00:00:43","date_gmt":"2017-01-19T03:00:43","guid":{"rendered":"http:\/\/notinor.com\/jujuy\/?p=104816"},"modified":"2017-01-18T19:15:54","modified_gmt":"2017-01-18T22:15:54","slug":"arroyo-salgado-acuso-al-kirchnerismo-de-haber-formado-un-grupo-de-tareas-para-desprestigiar-a-nisman","status":"publish","type":"post","link":"https:\/\/notinor.com\/jujuy\/arroyo-salgado-acuso-al-kirchnerismo-de-haber-formado-un-grupo-de-tareas-para-desprestigiar-a-nisman\/","title":{"rendered":"Arroyo Salgado acus\u00f3 al kirchnerismo de haber formado \"un grupo de tareas\" para desprestigiar a Nisman"},"content":{"rendered":"<p><a href=\"http:\/\/notinor.com\/jujuy\/wp-content\/uploads\/2015\/03\/arroyo-salgado-conferencia.jpg\"><img decoding=\"async\" loading=\"lazy\" class=\"alignnone size-full wp-image-18484\" src=\"http:\/\/notinor.com\/jujuy\/wp-content\/uploads\/2015\/03\/arroyo-salgado-conferencia.jpg\" alt=\"arroyo salgado conferencia\" width=\"948\" height=\"444\" srcset=\"https:\/\/notinor.com\/jujuy\/wp-content\/uploads\/2015\/03\/arroyo-salgado-conferencia.jpg 948w, https:\/\/notinor.com\/jujuy\/wp-content\/uploads\/2015\/03\/arroyo-salgado-conferencia-300x140.jpg 300w\" sizes=\"(max-width: 948px) 100vw, 948px\" \/><\/a><\/p>\n<p>\u201cHago un distingo entre c\u00f3mo se comport\u00f3 este Gobierno y el anterior en relaci\u00f3n a la causa de la muerte de (Alberto) Nisman. La administraci\u00f3n de Cristina Fern\u00e1ndez actu\u00f3 como una dictadura ante este crimen y form\u00f3 un grupo de tareas para desprestigiar el trabajo de un funcionario judicial\u201d, se\u00f1al\u00f3 Arroyo Salgado en declaraciones a la se\u00f1al televisiva TN.<\/p>\n<p>En ese sentido, la magistrada apunt\u00f3 contra ex funcionarios kichneristas como An\u00edbal Fern\u00e1ndez, Diego Bossio y Ricardo Echegaray por haber atacado a Nisman, de cuya muerte se cumplir\u00e1n ma\u00f1ana dos a\u00f1os.<\/p>\n<p>Asimismo, Arroyo Salgado consider\u00f3 que varios \u201csectores del poder judicial hicieron un verdadero papel\u00f3n\u201d a la hora de analizar la denuncia que Nisman present\u00f3 contra Cristina Kirchner por el presunto encubrimiento del rol que habr\u00eda tenido Ir\u00e1n en la preparaci\u00f3n del atentado a la AMIA.<\/p>\n<p>La jueza adem\u00e1s cuestion\u00f3 el desempe\u00f1o del entonces secretario de Seguridad Sergio Berni, quien estuvo presente en los momentos posteriores al hallazgo del cuerpo de Nisman, en un departamento de Puerto Madero, y expres\u00f3 que el actual senador provincial por el Frente para la Victoria obr\u00f3 \u201ccon una desidia rayana con la complicidad\".<\/p>\n<p>\u201cNisman muri\u00f3 por su trabajo, es lo que dictamin\u00f3 la Corte Suprema. Y fue un paso muy importante que la C\u00e1mara de Casaci\u00f3n Penal haya abierto la investigaci\u00f3n de la denuncia que present\u00f3 contra la ex presidenta. Eso revindica el trabajo que hac\u00eda ante nuestras hijas\u201d, observ\u00f3.<\/p>\n<p>Adem\u00e1s, la jueza Arroyo Salgado asever\u00f3 que en la causa en la que se investiga la muerte del fiscal Nisman \u201cest\u00e1 probado cient\u00edficamente que se trat\u00f3 de un asesinato\u201d, y cit\u00f3 al respecto las investigaciones que llev\u00f3 a cabo su perito de parte, el m\u00e9dico legista Osvaldo Raffo.<\/p>\n<p>\u201cCreemos que Nisman muri\u00f3 un d\u00eda antes de ser encontrado y eso es algo que probamos en la causa a trav\u00e9s del equipo de peritos de nuestra querella. Creo adem\u00e1s que la jueza Fabiana Palmaghini tuvo una actuaci\u00f3n cuestionable en esta causa. Ella hab\u00eda actuado en otro suicidio dudoso como el de Lourdes Di Natale (ex secretar\u00eda del asesor menemista Emir Yoma). Otra muerte ligada al poder\u201d, subray\u00f3.<\/p>\n<p>Arroyo Salgado volvi\u00f3 a reclamar que se investigue la participaci\u00f3n que tuvo en la muerte de Nisman el t\u00e9cnico inform\u00e1tico Diego Lagomarsino, que trabajaba en la UFI AMIA y es el propietario del arma de la que sali\u00f3 el disparo que acab\u00f3 con la vida del funcionario judicial.<\/p>\n<p>\u201cLagomarsino miente y puede estar vinculado con servicios de inteligencia. Creemos que hay que investigarlo a fondo. Las computadoras y tel\u00e9fonos de Nisman fueron intervenidos luego de su muerte y \u00e9l pudo tener algo que ver en eso\u201d, recalc\u00f3.<\/p>\n","protected":false},"excerpt":{"rendered":"<p>\u201cHago un distingo entre c\u00f3mo se comport\u00f3 este Gobierno y el anterior en relaci\u00f3n a la causa de la muerte de (Alberto) Nisman. La administraci\u00f3n de Cristina Fern\u00e1ndez actu\u00f3 como una dictadura ante este crimen y form\u00f3 un grupo de tareas para desprestigiar el trabajo de un funcionario judicial\u201d, se\u00f1al\u00f3 Arroyo Salgado en declaraciones a [&hellip;]<\/p>\n","protected":false},"author":1,"featured_media":18484,"comment_status":"open","ping_status":"open","sticky":false,"template":"","format":"standard","meta":{"_stopmodifiedupdate":false,"_modified_date":"","inline_featured_image":false,"spay_email":"","jetpack_publicize_message":""},"categories":[5],"tags":[],"jetpack_featured_media_url":"https:\/\/notinor.com\/jujuy\/wp-content\/uploads\/2015\/03\/arroyo-salgado-conferencia.jpg","jetpack_publicize_connections":[],"_links":{"self":[{"href":"https:\/\/notinor.com\/jujuy\/wp-json\/wp\/v2\/posts\/104816"}],"collection":[{"href":"https:\/\/notinor.com\/jujuy\/wp-json\/wp\/v2\/posts"}],"about":[{"href":"https:\/\/notinor.com\/jujuy\/wp-json\/wp\/v2\/types\/post"}],"author":[{"embeddable":true,"href":"https:\/\/notinor.com\/jujuy\/wp-json\/wp\/v2\/users\/1"}],"replies":[{"embeddable":true,"href":"https:\/\/notinor.com\/jujuy\/wp-json\/wp\/v2\/comments?post=104816"}],"version-history":[{"count":1,"href":"https:\/\/notinor.com\/jujuy\/wp-json\/wp\/v2\/posts\/104816\/revisions"}],"predecessor-version":[{"id":104817,"href":"https:\/\/notinor.com\/jujuy\/wp-json\/wp\/v2\/posts\/104816\/revisions\/104817"}],"wp:featuredmedia":[{"embeddable":true,"href":"https:\/\/notinor.com\/jujuy\/wp-json\/wp\/v2\/media\/18484"}],"wp:attachment":[{"href":"https:\/\/notinor.com\/jujuy\/wp-json\/wp\/v2\/media?parent=104816"}],"wp:term":[{"taxonomy":"category","embeddable":true,"href":"https:\/\/notinor.com\/jujuy\/wp-json\/wp\/v2\/categories?post=104816"},{"taxonomy":"post_tag","embeddable":true,"href":"https:\/\/notinor.com\/jujuy\/wp-json\/wp\/v2\/tags?post=104816"}],"curies":[{"name":"wp","href":"https:\/\/api.w.org\/{rel}","templated":true}]}}