{"id":104188,"date":"2017-01-12T00:50:49","date_gmt":"2017-01-12T03:50:49","guid":{"rendered":"http:\/\/notinor.com\/jujuy\/?p=104188"},"modified":"2017-01-12T00:50:49","modified_gmt":"2017-01-12T03:50:49","slug":"la-solidaridad-de-todos-por-jujuy-asi-esta-ahora-la-zona-del-desastre","status":"publish","type":"post","link":"https:\/\/notinor.com\/jujuy\/la-solidaridad-de-todos-por-jujuy-asi-esta-ahora-la-zona-del-desastre\/","title":{"rendered":"La solidaridad de todos por Jujuy: As\u00ed esta ahora la zona del desastre"},"content":{"rendered":"<p><a href=\"http:\/\/notinor.com\/jujuy\/wp-content\/uploads\/2017\/01\/alud-barcena.jpg\"><img decoding=\"async\" loading=\"lazy\" class=\"alignnone size-full wp-image-104189\" src=\"http:\/\/notinor.com\/jujuy\/wp-content\/uploads\/2017\/01\/alud-barcena.jpg\" alt=\"alud barcena\" width=\"1000\" height=\"1173\" srcset=\"https:\/\/notinor.com\/jujuy\/wp-content\/uploads\/2017\/01\/alud-barcena.jpg 1000w, https:\/\/notinor.com\/jujuy\/wp-content\/uploads\/2017\/01\/alud-barcena-256x300.jpg 256w, https:\/\/notinor.com\/jujuy\/wp-content\/uploads\/2017\/01\/alud-barcena-873x1024.jpg 873w\" sizes=\"(max-width: 1000px) 100vw, 1000px\" \/><\/a><\/p>\n<p>Desde la Direcci\u00f3n de Transporte y Distribuci\u00f3n de Energ\u00eda de la Secretar\u00eda de Energ\u00eda de Jujuy, se inform\u00f3 sobre el restablecimiento del servicio de energ\u00eda en los pueblos de acceso a la Quebrada de Humahuaca que sufren como consecuencias del alud y de lluvias.<\/p>\n<p>Para el caso de B\u00e1rcena, el director Pablo Quinteros inform\u00f3 que\u00a0\u201cayer presentaba una columna rota, en la l\u00ednea 33, sobre Corte Colorado; la l\u00ednea estaba cortada en dos secciones y se restableci\u00f3 de inmediato con una conexi\u00f3n precaria, pero hoy ya est\u00e1 funcionando correctamente\u201d.<\/p>\n<p>Adem\u00e1s, agreg\u00f3 que en lo que se conoce como la bajada de B\u00e1rcena, \u201cse est\u00e1n reponiendo\u00a0acometidas nuevas en\u00a0cinco hogares a los que se les hab\u00eda llevado la corriente, y se est\u00e1 levantando una l\u00ednea de media tensi\u00f3n con postaci\u00f3n en el suelo\u201d.<\/p>\n<p>Finalmente, explic\u00f3 que en la localidad de Tumbaya hay inconvenientes con la l\u00ednea de media tensi\u00f3n en el ap\u00e9ndice que va a Tumbaya Grande. \u201cSe est\u00e1 solucionando, por lo que la mayor\u00eda del pueblo est\u00e1 abastecida, con excepci\u00f3n de siete hogares a los que a\u00fan no se les restablece el servicio por las mismas cuestiones de seguridad\u201d.<\/p>\n<p>&nbsp;<\/p>\n<p><strong>Las rutas: habilitadas solo hasta Le\u00f3n<\/strong><\/p>\n<p>La Ruta 9 en sentido sur \u2013 norte solo se encuentra habilitada hasta la localidad de Le\u00f3n por lo que se solicita a los conductores evitar usar esa v\u00eda o realizar alg\u00fan viaje que tenga como destino\u00a0La Quebrada y la Puna. En sentido norte-sur \u00a0los veh\u00edculos solo podr\u00e1n transitar\u00a0hasta Purmamarca.<\/p>\n<p>&nbsp;<\/p>\n<p><strong>Salio el sol y se ve las huellas del desastre<\/strong><\/p>\n<p><a href=\"http:\/\/notinor.com\/jujuy\/wp-content\/uploads\/2017\/01\/89084960-c113-4925-94d6-4fb9a19df7fe.jpg\"><img decoding=\"async\" loading=\"lazy\" class=\"alignnone size-full wp-image-104191\" src=\"http:\/\/notinor.com\/jujuy\/wp-content\/uploads\/2017\/01\/89084960-c113-4925-94d6-4fb9a19df7fe.jpg\" alt=\"alud jujuy 2\" width=\"1280\" height=\"960\" srcset=\"https:\/\/notinor.com\/jujuy\/wp-content\/uploads\/2017\/01\/89084960-c113-4925-94d6-4fb9a19df7fe.jpg 1280w, https:\/\/notinor.com\/jujuy\/wp-content\/uploads\/2017\/01\/89084960-c113-4925-94d6-4fb9a19df7fe-300x225.jpg 300w, https:\/\/notinor.com\/jujuy\/wp-content\/uploads\/2017\/01\/89084960-c113-4925-94d6-4fb9a19df7fe-1024x768.jpg 1024w\" sizes=\"(max-width: 1280px) 100vw, 1280px\" \/><\/a> <a href=\"http:\/\/notinor.com\/jujuy\/wp-content\/uploads\/2017\/01\/54f6e1c3-aaad-43df-ba39-e14ab5db037e.jpg\"><img decoding=\"async\" loading=\"lazy\" class=\"alignnone size-full wp-image-104190\" src=\"http:\/\/notinor.com\/jujuy\/wp-content\/uploads\/2017\/01\/54f6e1c3-aaad-43df-ba39-e14ab5db037e.jpg\" alt=\"alud jujuy\" width=\"1280\" height=\"960\" srcset=\"https:\/\/notinor.com\/jujuy\/wp-content\/uploads\/2017\/01\/54f6e1c3-aaad-43df-ba39-e14ab5db037e.jpg 1280w, https:\/\/notinor.com\/jujuy\/wp-content\/uploads\/2017\/01\/54f6e1c3-aaad-43df-ba39-e14ab5db037e-300x225.jpg 300w, https:\/\/notinor.com\/jujuy\/wp-content\/uploads\/2017\/01\/54f6e1c3-aaad-43df-ba39-e14ab5db037e-1024x768.jpg 1024w\" sizes=\"(max-width: 1280px) 100vw, 1280px\" \/><\/a> <a href=\"http:\/\/notinor.com\/jujuy\/wp-content\/uploads\/2017\/01\/c5eead1f-bb85-4b46-983a-b0aff08272d7.jpg\"><img decoding=\"async\" loading=\"lazy\" class=\"alignnone size-full wp-image-104193\" src=\"http:\/\/notinor.com\/jujuy\/wp-content\/uploads\/2017\/01\/c5eead1f-bb85-4b46-983a-b0aff08272d7.jpg\" alt=\"alud jujuy 4\" width=\"1280\" height=\"960\" srcset=\"https:\/\/notinor.com\/jujuy\/wp-content\/uploads\/2017\/01\/c5eead1f-bb85-4b46-983a-b0aff08272d7.jpg 1280w, https:\/\/notinor.com\/jujuy\/wp-content\/uploads\/2017\/01\/c5eead1f-bb85-4b46-983a-b0aff08272d7-300x225.jpg 300w, https:\/\/notinor.com\/jujuy\/wp-content\/uploads\/2017\/01\/c5eead1f-bb85-4b46-983a-b0aff08272d7-1024x768.jpg 1024w\" sizes=\"(max-width: 1280px) 100vw, 1280px\" \/><\/a> <a href=\"http:\/\/notinor.com\/jujuy\/wp-content\/uploads\/2017\/01\/b48e9bac-0384-4263-a183-f61ecc739b92.jpg\"><img decoding=\"async\" loading=\"lazy\" class=\"alignnone size-full wp-image-104192\" src=\"http:\/\/notinor.com\/jujuy\/wp-content\/uploads\/2017\/01\/b48e9bac-0384-4263-a183-f61ecc739b92.jpg\" alt=\"alud jujuy 3\" width=\"1280\" height=\"719\" srcset=\"https:\/\/notinor.com\/jujuy\/wp-content\/uploads\/2017\/01\/b48e9bac-0384-4263-a183-f61ecc739b92.jpg 1280w, https:\/\/notinor.com\/jujuy\/wp-content\/uploads\/2017\/01\/b48e9bac-0384-4263-a183-f61ecc739b92-300x169.jpg 300w, https:\/\/notinor.com\/jujuy\/wp-content\/uploads\/2017\/01\/b48e9bac-0384-4263-a183-f61ecc739b92-1024x575.jpg 1024w, https:\/\/notinor.com\/jujuy\/wp-content\/uploads\/2017\/01\/b48e9bac-0384-4263-a183-f61ecc739b92-199x112.jpg 199w, https:\/\/notinor.com\/jujuy\/wp-content\/uploads\/2017\/01\/b48e9bac-0384-4263-a183-f61ecc739b92-616x345.jpg 616w\" sizes=\"(max-width: 1280px) 100vw, 1280px\" \/><\/a> <a href=\"http:\/\/notinor.com\/jujuy\/wp-content\/uploads\/2017\/01\/dad46c01-017e-48a4-a39d-c150ca1951f2.jpg\"><img decoding=\"async\" loading=\"lazy\" class=\"alignnone size-full wp-image-104194\" src=\"http:\/\/notinor.com\/jujuy\/wp-content\/uploads\/2017\/01\/dad46c01-017e-48a4-a39d-c150ca1951f2.jpg\" alt=\"alud jujuy 6\" width=\"1280\" height=\"960\" srcset=\"https:\/\/notinor.com\/jujuy\/wp-content\/uploads\/2017\/01\/dad46c01-017e-48a4-a39d-c150ca1951f2.jpg 1280w, https:\/\/notinor.com\/jujuy\/wp-content\/uploads\/2017\/01\/dad46c01-017e-48a4-a39d-c150ca1951f2-300x225.jpg 300w, https:\/\/notinor.com\/jujuy\/wp-content\/uploads\/2017\/01\/dad46c01-017e-48a4-a39d-c150ca1951f2-1024x768.jpg 1024w\" sizes=\"(max-width: 1280px) 100vw, 1280px\" \/><\/a><\/p>\n","protected":false},"excerpt":{"rendered":"<p>Desde la Direcci\u00f3n de Transporte y Distribuci\u00f3n de Energ\u00eda de la Secretar\u00eda de Energ\u00eda de Jujuy, se inform\u00f3 sobre el restablecimiento del servicio de energ\u00eda en los pueblos de acceso a la Quebrada de Humahuaca que sufren como consecuencias del alud y de lluvias. Para el caso de B\u00e1rcena, el director Pablo Quinteros inform\u00f3 que\u00a0\u201cayer [&hellip;]<\/p>\n","protected":false},"author":1,"featured_media":104189,"comment_status":"open","ping_status":"open","sticky":false,"template":"","format":"standard","meta":{"_stopmodifiedupdate":false,"_modified_date":"","inline_featured_image":false},"categories":[493],"tags":[],"jetpack_featured_media_url":"https:\/\/notinor.com\/jujuy\/wp-content\/uploads\/2017\/01\/alud-barcena.jpg","_links":{"self":[{"href":"https:\/\/notinor.com\/jujuy\/wp-json\/wp\/v2\/posts\/104188"}],"collection":[{"href":"https:\/\/notinor.com\/jujuy\/wp-json\/wp\/v2\/posts"}],"about":[{"href":"https:\/\/notinor.com\/jujuy\/wp-json\/wp\/v2\/types\/post"}],"author":[{"embeddable":true,"href":"https:\/\/notinor.com\/jujuy\/wp-json\/wp\/v2\/users\/1"}],"replies":[{"embeddable":true,"href":"https:\/\/notinor.com\/jujuy\/wp-json\/wp\/v2\/comments?post=104188"}],"version-history":[{"count":1,"href":"https:\/\/notinor.com\/jujuy\/wp-json\/wp\/v2\/posts\/104188\/revisions"}],"predecessor-version":[{"id":104195,"href":"https:\/\/notinor.com\/jujuy\/wp-json\/wp\/v2\/posts\/104188\/revisions\/104195"}],"wp:featuredmedia":[{"embeddable":true,"href":"https:\/\/notinor.com\/jujuy\/wp-json\/wp\/v2\/media\/104189"}],"wp:attachment":[{"href":"https:\/\/notinor.com\/jujuy\/wp-json\/wp\/v2\/media?parent=104188"}],"wp:term":[{"taxonomy":"category","embeddable":true,"href":"https:\/\/notinor.com\/jujuy\/wp-json\/wp\/v2\/categories?post=104188"},{"taxonomy":"post_tag","embeddable":true,"href":"https:\/\/notinor.com\/jujuy\/wp-json\/wp\/v2\/tags?post=104188"}],"curies":[{"name":"wp","href":"https:\/\/api.w.org\/{rel}","templated":true}]}}