{"id":103055,"date":"2017-01-03T00:00:46","date_gmt":"2017-01-03T03:00:46","guid":{"rendered":"http:\/\/notinor.com\/jujuy\/?p=103055"},"modified":"2017-01-02T22:30:45","modified_gmt":"2017-01-03T01:30:45","slug":"dakar-en-jujuy-disponen-que-los-colectivos-lleguen-a-la-ciudad-cultural","status":"publish","type":"post","link":"https:\/\/notinor.com\/jujuy\/dakar-en-jujuy-disponen-que-los-colectivos-lleguen-a-la-ciudad-cultural\/","title":{"rendered":"Dakar en Jujuy: Disponen que los colectivos lleguen a la ciudad cultural"},"content":{"rendered":"<p><a href=\"http:\/\/notinor.com\/jujuy\/wp-content\/uploads\/2015\/01\/colectivo-jujuy.jpg\"><img decoding=\"async\" loading=\"lazy\" class=\"alignnone size-full wp-image-12452\" src=\"http:\/\/notinor.com\/jujuy\/wp-content\/uploads\/2015\/01\/colectivo-jujuy.jpg\" alt=\"colectivo jujuy\" width=\"600\" height=\"433\" srcset=\"https:\/\/notinor.com\/jujuy\/wp-content\/uploads\/2015\/01\/colectivo-jujuy.jpg 600w, https:\/\/notinor.com\/jujuy\/wp-content\/uploads\/2015\/01\/colectivo-jujuy-300x216.jpg 300w, https:\/\/notinor.com\/jujuy\/wp-content\/uploads\/2015\/01\/colectivo-jujuy-120x86.jpg 120w\" sizes=\"(max-width: 600px) 100vw, 600px\" \/><\/a><\/p>\n<p>Guillermo Marenco, secretario de Servicios P\u00fablicos de la Municipalidad solicit\u00f3\u00a0a los vecinos que se acerquen a la Ciudad Cultural preferentemente en el transporte urbano de pasajeros. Los colectivos llegar\u00e1n a la Ciudad Cultural por la avenida Santib\u00e1\u00f1ez, luego por la avenida Bolivia y tendr\u00e1n paradas en una de las avenidas laterales de la Ciudad Cultural, lindante con el barrio militar y la zona de la Feria Dakar.<\/p>\n<p>Marenco se\u00f1al\u00f3 que el d\u00eda mi\u00e9rcoles 4 de enero \u201cse cortar\u00e1 la circulaci\u00f3n en la avenida C\u00f3rdoba para que sea zona de estacionamiento de todos los autos particulares\u201d. All\u00ed habr\u00e1 personal de tr\u00e1nsito trabajando en el ordenamiento de los veh\u00edculos. El corte ir\u00e1 desde la calle Yarav\u00ed hasta Jos\u00e9 Hern\u00e1ndez y los autos estacionar\u00e1n a 45 grados en ambos lados.\u00a0Por otro lado, este martes 3, de 9 a 22 habr\u00e1 disponible transporte de pasajeros hacia el Vivac.<\/p>\n","protected":false},"excerpt":{"rendered":"<p>Guillermo Marenco, secretario de Servicios P\u00fablicos de la Municipalidad solicit\u00f3\u00a0a los vecinos que se acerquen a la Ciudad Cultural preferentemente en el transporte urbano de pasajeros. Los colectivos llegar\u00e1n a la Ciudad Cultural por la avenida Santib\u00e1\u00f1ez, luego por la avenida Bolivia y tendr\u00e1n paradas en una de las avenidas laterales de la Ciudad Cultural, [&hellip;]<\/p>\n","protected":false},"author":1,"featured_media":28060,"comment_status":"open","ping_status":"open","sticky":false,"template":"","format":"standard","meta":{"_stopmodifiedupdate":false,"_modified_date":"","inline_featured_image":false},"categories":[485],"tags":[],"jetpack_featured_media_url":"https:\/\/notinor.com\/jujuy\/wp-content\/uploads\/2015\/05\/colectivos1.jpg","_links":{"self":[{"href":"https:\/\/notinor.com\/jujuy\/wp-json\/wp\/v2\/posts\/103055"}],"collection":[{"href":"https:\/\/notinor.com\/jujuy\/wp-json\/wp\/v2\/posts"}],"about":[{"href":"https:\/\/notinor.com\/jujuy\/wp-json\/wp\/v2\/types\/post"}],"author":[{"embeddable":true,"href":"https:\/\/notinor.com\/jujuy\/wp-json\/wp\/v2\/users\/1"}],"replies":[{"embeddable":true,"href":"https:\/\/notinor.com\/jujuy\/wp-json\/wp\/v2\/comments?post=103055"}],"version-history":[{"count":1,"href":"https:\/\/notinor.com\/jujuy\/wp-json\/wp\/v2\/posts\/103055\/revisions"}],"predecessor-version":[{"id":103059,"href":"https:\/\/notinor.com\/jujuy\/wp-json\/wp\/v2\/posts\/103055\/revisions\/103059"}],"wp:featuredmedia":[{"embeddable":true,"href":"https:\/\/notinor.com\/jujuy\/wp-json\/wp\/v2\/media\/28060"}],"wp:attachment":[{"href":"https:\/\/notinor.com\/jujuy\/wp-json\/wp\/v2\/media?parent=103055"}],"wp:term":[{"taxonomy":"category","embeddable":true,"href":"https:\/\/notinor.com\/jujuy\/wp-json\/wp\/v2\/categories?post=103055"},{"taxonomy":"post_tag","embeddable":true,"href":"https:\/\/notinor.com\/jujuy\/wp-json\/wp\/v2\/tags?post=103055"}],"curies":[{"name":"wp","href":"https:\/\/api.w.org\/{rel}","templated":true}]}}