{"id":103014,"date":"2017-01-02T09:27:07","date_gmt":"2017-01-02T12:27:07","guid":{"rendered":"http:\/\/notinor.com\/jujuy\/?p=103014"},"modified":"2017-01-02T09:27:07","modified_gmt":"2017-01-02T12:27:07","slug":"se-largo-el-rally-dakar-2017-toby-price-puso-primera-en-paraguay","status":"publish","type":"post","link":"https:\/\/notinor.com\/jujuy\/se-largo-el-rally-dakar-2017-toby-price-puso-primera-en-paraguay\/","title":{"rendered":"Se larg\u00f3 el Rally Dakar 2017: Toby Price puso primera en Paraguay"},"content":{"rendered":"<p>El piloto australiano, defensor del t\u00edtulo conseguido en 2016, fue el primer competidor en largar la prueba cronometrada.<\/p>\n<p>Toby Price dio inicio al Rally Dakar 2017 este lunes pasadas las 8 de la ma\u00f1ana. El motociclista abrio pista por ser el \u00faltimo campe\u00f3n y la carrera est\u00e1 en marcha.<\/p>\n<p>Tras las motos largar\u00e1n los cuadriciclos, luego los autos y al final los camiones, donde Federico Villagra buscar\u00e1 pelear por el t\u00edtulo tal como lo hizo el a\u00f1o pasado en su debut.<\/p>\n<p>La carrera dejar\u00e1 este lunes Paraguay y llegar\u00e1 a Chaco. Luego ir\u00e1 a Bolivia y regresar\u00e1 a Argentina para finalizar la competencia el 14 de enero en Buenos Aires.<\/p>\n<p>&nbsp;<\/p>\n","protected":false},"excerpt":{"rendered":"<p>El piloto australiano, defensor del t\u00edtulo conseguido en 2016, fue el primer competidor en largar la prueba cronometrada. Toby Price dio inicio al Rally Dakar 2017 este lunes pasadas las 8 de la ma\u00f1ana. El motociclista abrio pista por ser el \u00faltimo campe\u00f3n y la carrera est\u00e1 en marcha. Tras las motos largar\u00e1n los cuadriciclos, [&hellip;]<\/p>\n","protected":false},"author":1,"featured_media":103015,"comment_status":"open","ping_status":"open","sticky":false,"template":"","format":"standard","meta":{"_stopmodifiedupdate":false,"_modified_date":"","inline_featured_image":false,"spay_email":"","jetpack_publicize_message":""},"categories":[7],"tags":[],"jetpack_featured_media_url":"https:\/\/notinor.com\/jujuy\/wp-content\/uploads\/2017\/01\/dakar-8.jpg","jetpack_publicize_connections":[],"_links":{"self":[{"href":"https:\/\/notinor.com\/jujuy\/wp-json\/wp\/v2\/posts\/103014"}],"collection":[{"href":"https:\/\/notinor.com\/jujuy\/wp-json\/wp\/v2\/posts"}],"about":[{"href":"https:\/\/notinor.com\/jujuy\/wp-json\/wp\/v2\/types\/post"}],"author":[{"embeddable":true,"href":"https:\/\/notinor.com\/jujuy\/wp-json\/wp\/v2\/users\/1"}],"replies":[{"embeddable":true,"href":"https:\/\/notinor.com\/jujuy\/wp-json\/wp\/v2\/comments?post=103014"}],"version-history":[{"count":1,"href":"https:\/\/notinor.com\/jujuy\/wp-json\/wp\/v2\/posts\/103014\/revisions"}],"predecessor-version":[{"id":103016,"href":"https:\/\/notinor.com\/jujuy\/wp-json\/wp\/v2\/posts\/103014\/revisions\/103016"}],"wp:featuredmedia":[{"embeddable":true,"href":"https:\/\/notinor.com\/jujuy\/wp-json\/wp\/v2\/media\/103015"}],"wp:attachment":[{"href":"https:\/\/notinor.com\/jujuy\/wp-json\/wp\/v2\/media?parent=103014"}],"wp:term":[{"taxonomy":"category","embeddable":true,"href":"https:\/\/notinor.com\/jujuy\/wp-json\/wp\/v2\/categories?post=103014"},{"taxonomy":"post_tag","embeddable":true,"href":"https:\/\/notinor.com\/jujuy\/wp-json\/wp\/v2\/tags?post=103014"}],"curies":[{"name":"wp","href":"https:\/\/api.w.org\/{rel}","templated":true}]}}