{"id":103008,"date":"2017-01-02T09:24:18","date_gmt":"2017-01-02T12:24:18","guid":{"rendered":"http:\/\/notinor.com\/jujuy\/?p=103008"},"modified":"2017-01-02T09:24:18","modified_gmt":"2017-01-02T12:24:18","slug":"messi-regresa-a-los-entrenamientos-con-el-barcelona","status":"publish","type":"post","link":"https:\/\/notinor.com\/jujuy\/messi-regresa-a-los-entrenamientos-con-el-barcelona\/","title":{"rendered":"Messi regresa a los entrenamientos con el Barcelona"},"content":{"rendered":"<p>El astroi volver\u00e1 este lunes por la tarde despu\u00e9s de que se despidiese de sus compa\u00f1eros tras el \u00faltimo partido en el que particip\u00f3, en el Camp Nou contra el Espanyol (4-1), consign\u00f3 la agencia de noticias EFE<\/p>\n<p>El argentino Lionel Messi regresar\u00e1 este lunes a los entrenamientos con el Barcelona, tras dos semanas de vacaciones, al igual que su compatriota Javier Mascherano, el uruguayo Luis Su\u00e1rez y el brasile\u00f1o Neymar Jr.<\/p>\n<p>Messi volver\u00e1 ma\u00f1ana por la tarde al campo de entrenamiento, despu\u00e9s de que se despidiese de sus compa\u00f1eros tras el \u00faltimo partido en el que particip\u00f3, en el Camp Nou contra el Espanyol (4-1), consign\u00f3 la agencia de noticias EFE.<\/p>\n<p>Desde aquel 18 de diciembre, el jugador tuvo permiso para partir de vacaciones y quedar liberado del partido de vuelta de los 16avos. de final de la Copa del Rey contra el H\u00e9rcules (7-0), igual que Gerard Piqu\u00e9, Luis Su\u00e1rez y Neymar Jr.<\/p>\n<p>Los dos \u00faltimos tambi\u00e9n regresar\u00e1n ma\u00f1ana a los entrenamientos, no as\u00ed el central catal\u00e1n, que ya se sum\u00f3 el viernes pasado.<\/p>\n<p>Con todos los jugadores en la Ciudad Deportiva, el entrenador azulgrana Luis Enrique podr\u00e1 trabajar en dos entrenamientos para preparar el partido de ida de los octavos de final de la Copa del Rey contra Athletic de Bilbao, el jueves pr\u00f3ximo en San Mam\u00e9s.<\/p>\n<p>La vuelta ser\u00e1 el mi\u00e9rcoles siguiente, el 11 de enero, en el Camp Nou; y en medio de estos dos choques Barcelona jugar\u00e1 el domingo pr\u00f3ximo en Villarreal por la Liga.<\/p>\n","protected":false},"excerpt":{"rendered":"<p>El astroi volver\u00e1 este lunes por la tarde despu\u00e9s de que se despidiese de sus compa\u00f1eros tras el \u00faltimo partido en el que particip\u00f3, en el Camp Nou contra el Espanyol (4-1), consign\u00f3 la agencia de noticias EFE El argentino Lionel Messi regresar\u00e1 este lunes a los entrenamientos con el Barcelona, tras dos semanas de [&hellip;]<\/p>\n","protected":false},"author":1,"featured_media":103009,"comment_status":"open","ping_status":"open","sticky":false,"template":"","format":"standard","meta":{"_stopmodifiedupdate":false,"_modified_date":"","inline_featured_image":false,"spay_email":"","jetpack_publicize_message":""},"categories":[7],"tags":[],"jetpack_featured_media_url":"https:\/\/notinor.com\/jujuy\/wp-content\/uploads\/2017\/01\/57f29d96c0900_510x287-1.jpg","jetpack_publicize_connections":[],"_links":{"self":[{"href":"https:\/\/notinor.com\/jujuy\/wp-json\/wp\/v2\/posts\/103008"}],"collection":[{"href":"https:\/\/notinor.com\/jujuy\/wp-json\/wp\/v2\/posts"}],"about":[{"href":"https:\/\/notinor.com\/jujuy\/wp-json\/wp\/v2\/types\/post"}],"author":[{"embeddable":true,"href":"https:\/\/notinor.com\/jujuy\/wp-json\/wp\/v2\/users\/1"}],"replies":[{"embeddable":true,"href":"https:\/\/notinor.com\/jujuy\/wp-json\/wp\/v2\/comments?post=103008"}],"version-history":[{"count":1,"href":"https:\/\/notinor.com\/jujuy\/wp-json\/wp\/v2\/posts\/103008\/revisions"}],"predecessor-version":[{"id":103010,"href":"https:\/\/notinor.com\/jujuy\/wp-json\/wp\/v2\/posts\/103008\/revisions\/103010"}],"wp:featuredmedia":[{"embeddable":true,"href":"https:\/\/notinor.com\/jujuy\/wp-json\/wp\/v2\/media\/103009"}],"wp:attachment":[{"href":"https:\/\/notinor.com\/jujuy\/wp-json\/wp\/v2\/media?parent=103008"}],"wp:term":[{"taxonomy":"category","embeddable":true,"href":"https:\/\/notinor.com\/jujuy\/wp-json\/wp\/v2\/categories?post=103008"},{"taxonomy":"post_tag","embeddable":true,"href":"https:\/\/notinor.com\/jujuy\/wp-json\/wp\/v2\/tags?post=103008"}],"curies":[{"name":"wp","href":"https:\/\/api.w.org\/{rel}","templated":true}]}}