{"id":102988,"date":"2017-01-02T03:34:20","date_gmt":"2017-01-02T06:34:20","guid":{"rendered":"http:\/\/notinor.com\/jujuy\/?p=102988"},"modified":"2017-01-02T03:34:20","modified_gmt":"2017-01-02T06:34:20","slug":"giuliana-es-la-primer-bebe-del-2017-en-jujuy","status":"publish","type":"post","link":"https:\/\/notinor.com\/jujuy\/giuliana-es-la-primer-bebe-del-2017-en-jujuy\/","title":{"rendered":"Giuliana es la primer bebe del 2017 en Jujuy"},"content":{"rendered":"<p><a href=\"http:\/\/notinor.com\/jujuy\/wp-content\/uploads\/2017\/01\/bebe.jpg\"><img decoding=\"async\" loading=\"lazy\" class=\"size-full wp-image-102989 aligncenter\" src=\"http:\/\/notinor.com\/jujuy\/wp-content\/uploads\/2017\/01\/bebe.jpg\" alt=\"bebe\" width=\"457\" height=\"328\" srcset=\"https:\/\/notinor.com\/jujuy\/wp-content\/uploads\/2017\/01\/bebe.jpg 457w, https:\/\/notinor.com\/jujuy\/wp-content\/uploads\/2017\/01\/bebe-300x215.jpg 300w, https:\/\/notinor.com\/jujuy\/wp-content\/uploads\/2017\/01\/bebe-314x224.jpg 314w, https:\/\/notinor.com\/jujuy\/wp-content\/uploads\/2017\/01\/bebe-350x250.jpg 350w, https:\/\/notinor.com\/jujuy\/wp-content\/uploads\/2017\/01\/bebe-120x86.jpg 120w\" sizes=\"(max-width: 457px) 100vw, 457px\" \/><\/a><\/p>\n<p>La peque\u00f1a naci\u00f3 a las 1.52 de la madrugada en el Materno Infantil. Una bella noticia y un hermoso regalo para iniciar el 2017 para la familia Valdiviezo, colmaron de alegr\u00eda este inicio de a\u00f1o.<\/p>\n<p>Mientras otros se encuentran en sus casas levantando la copa para brindar por el nuevo a\u00f1o, los profesionales de la salud en guardia est\u00e1n atentos a cualquier eventualidad, como en esta oportunidad donde la bendici\u00f3n colmo el materno infantil.<\/p>\n<p>&nbsp;<\/p>\n","protected":false},"excerpt":{"rendered":"<p>La peque\u00f1a naci\u00f3 a las 1.52 de la madrugada en el Materno Infantil. Una bella noticia y un hermoso regalo para iniciar el 2017 para la familia Valdiviezo, colmaron de alegr\u00eda este inicio de a\u00f1o. Mientras otros se encuentran en sus casas levantando la copa para brindar por el nuevo a\u00f1o, los profesionales de la [&hellip;]<\/p>\n","protected":false},"author":1,"featured_media":102989,"comment_status":"open","ping_status":"open","sticky":false,"template":"","format":"standard","meta":{"_stopmodifiedupdate":false,"_modified_date":"","inline_featured_image":false,"spay_email":"","jetpack_publicize_message":""},"categories":[2,13],"tags":[],"jetpack_featured_media_url":"https:\/\/notinor.com\/jujuy\/wp-content\/uploads\/2017\/01\/bebe.jpg","jetpack_publicize_connections":[],"_links":{"self":[{"href":"https:\/\/notinor.com\/jujuy\/wp-json\/wp\/v2\/posts\/102988"}],"collection":[{"href":"https:\/\/notinor.com\/jujuy\/wp-json\/wp\/v2\/posts"}],"about":[{"href":"https:\/\/notinor.com\/jujuy\/wp-json\/wp\/v2\/types\/post"}],"author":[{"embeddable":true,"href":"https:\/\/notinor.com\/jujuy\/wp-json\/wp\/v2\/users\/1"}],"replies":[{"embeddable":true,"href":"https:\/\/notinor.com\/jujuy\/wp-json\/wp\/v2\/comments?post=102988"}],"version-history":[{"count":1,"href":"https:\/\/notinor.com\/jujuy\/wp-json\/wp\/v2\/posts\/102988\/revisions"}],"predecessor-version":[{"id":102990,"href":"https:\/\/notinor.com\/jujuy\/wp-json\/wp\/v2\/posts\/102988\/revisions\/102990"}],"wp:featuredmedia":[{"embeddable":true,"href":"https:\/\/notinor.com\/jujuy\/wp-json\/wp\/v2\/media\/102989"}],"wp:attachment":[{"href":"https:\/\/notinor.com\/jujuy\/wp-json\/wp\/v2\/media?parent=102988"}],"wp:term":[{"taxonomy":"category","embeddable":true,"href":"https:\/\/notinor.com\/jujuy\/wp-json\/wp\/v2\/categories?post=102988"},{"taxonomy":"post_tag","embeddable":true,"href":"https:\/\/notinor.com\/jujuy\/wp-json\/wp\/v2\/tags?post=102988"}],"curies":[{"name":"wp","href":"https:\/\/api.w.org\/{rel}","templated":true}]}}