{"id":102984,"date":"2017-01-02T03:22:33","date_gmt":"2017-01-02T06:22:33","guid":{"rendered":"http:\/\/notinor.com\/jujuy\/?p=102984"},"modified":"2017-01-02T03:22:33","modified_gmt":"2017-01-02T06:22:33","slug":"aprobaron-la-licencia-por-paternidad","status":"publish","type":"post","link":"https:\/\/notinor.com\/jujuy\/aprobaron-la-licencia-por-paternidad\/","title":{"rendered":"Aprobaron la licencia por paternidad"},"content":{"rendered":"<p><a href=\"http:\/\/notinor.com\/jujuy\/wp-content\/uploads\/2017\/01\/paternidad.jpg\"><img decoding=\"async\" loading=\"lazy\" class=\"size-full wp-image-102985 aligncenter\" src=\"http:\/\/notinor.com\/jujuy\/wp-content\/uploads\/2017\/01\/paternidad.jpg\" alt=\"paternidad\" width=\"1024\" height=\"716\" srcset=\"https:\/\/notinor.com\/jujuy\/wp-content\/uploads\/2017\/01\/paternidad.jpg 1024w, https:\/\/notinor.com\/jujuy\/wp-content\/uploads\/2017\/01\/paternidad-300x210.jpg 300w\" sizes=\"(max-width: 1024px) 100vw, 1024px\" \/><\/a><\/p>\n<p>En la provincia de La Pampa, la Legislatura aprob\u00f3 el beneficio para los agentes de la administraci\u00f3n p\u00fablica provincial. \"Es un avance porque la presencia del padre es importante en el parto y en el posparto\", asegur\u00f3 la diputada Claudia Godoy (PJ), autora del proyecto.<\/p>\n<p>\"Soy obstetra y siempre es importante la presencia y el acompa\u00f1amiento del padre, tanto en el parto como en el posparto. La licencia por paternidad es un cambio de paradigma muy grande en la legislaci\u00f3n laboral, porque est\u00e1n contemplados los partos normales, prematuros, m\u00faltiples, los matrimonios igualitarios\", coment\u00f3 a Telam la diputada Claudia Godoy, autora del proyecto que aprob\u00f3 la Legislatura provincial para que los empleados p\u00fablicos tengan ese beneficio.<\/p>\n<div class=\"image-right\">\nSeg\u00fan explic\u00f3 la legisladora oficialista, \"el empleado tendr\u00e1 derecho a licencia por paternidad con goce de haberes de hasta 10 d\u00edas laborables por el nacimiento del hijo. En caso de ser prematuro, de bajo o alto riesgo, m\u00faltiple, la licencia por paternidad se extender\u00e1 a 15 d\u00edas laborables\".<\/p>\n<p>Adem\u00e1s, Godoy manifest\u00f3 que \"el agente al que se le haya otorgado la guarda para adopci\u00f3n de uno o m\u00e1s ni\u00f1os, tambi\u00e9n gozar\u00e1 de los beneficios\".<\/p>\n<p>La diputada tambi\u00e9n destac\u00f3 que que \"hemos trabajado mucho en la iniciativa, por una concepci\u00f3n de la familia como un punto fundamental para la sociedad, estoy muy contenta de la normativa sancionada con fuerza de ley porque es muy beneficiosa y es importante para el acompa\u00f1amiento de los padres\".<\/p><\/div>\n","protected":false},"excerpt":{"rendered":"<p>En la provincia de La Pampa, la Legislatura aprob\u00f3 el beneficio para los agentes de la administraci\u00f3n p\u00fablica provincial. \"Es un avance porque la presencia del padre es importante en el parto y en el posparto\", asegur\u00f3 la diputada Claudia Godoy (PJ), autora del proyecto. \"Soy obstetra y siempre es importante la presencia y el [&hellip;]<\/p>\n","protected":false},"author":1,"featured_media":102985,"comment_status":"open","ping_status":"open","sticky":false,"template":"","format":"standard","meta":{"_stopmodifiedupdate":false,"_modified_date":"","inline_featured_image":false,"spay_email":"","jetpack_publicize_message":""},"categories":[488],"tags":[],"jetpack_featured_media_url":"https:\/\/notinor.com\/jujuy\/wp-content\/uploads\/2017\/01\/paternidad.jpg","jetpack_publicize_connections":[],"_links":{"self":[{"href":"https:\/\/notinor.com\/jujuy\/wp-json\/wp\/v2\/posts\/102984"}],"collection":[{"href":"https:\/\/notinor.com\/jujuy\/wp-json\/wp\/v2\/posts"}],"about":[{"href":"https:\/\/notinor.com\/jujuy\/wp-json\/wp\/v2\/types\/post"}],"author":[{"embeddable":true,"href":"https:\/\/notinor.com\/jujuy\/wp-json\/wp\/v2\/users\/1"}],"replies":[{"embeddable":true,"href":"https:\/\/notinor.com\/jujuy\/wp-json\/wp\/v2\/comments?post=102984"}],"version-history":[{"count":1,"href":"https:\/\/notinor.com\/jujuy\/wp-json\/wp\/v2\/posts\/102984\/revisions"}],"predecessor-version":[{"id":102986,"href":"https:\/\/notinor.com\/jujuy\/wp-json\/wp\/v2\/posts\/102984\/revisions\/102986"}],"wp:featuredmedia":[{"embeddable":true,"href":"https:\/\/notinor.com\/jujuy\/wp-json\/wp\/v2\/media\/102985"}],"wp:attachment":[{"href":"https:\/\/notinor.com\/jujuy\/wp-json\/wp\/v2\/media?parent=102984"}],"wp:term":[{"taxonomy":"category","embeddable":true,"href":"https:\/\/notinor.com\/jujuy\/wp-json\/wp\/v2\/categories?post=102984"},{"taxonomy":"post_tag","embeddable":true,"href":"https:\/\/notinor.com\/jujuy\/wp-json\/wp\/v2\/tags?post=102984"}],"curies":[{"name":"wp","href":"https:\/\/api.w.org\/{rel}","templated":true}]}}