{"id":102976,"date":"2017-01-02T02:59:49","date_gmt":"2017-01-02T05:59:49","guid":{"rendered":"http:\/\/notinor.com\/jujuy\/?p=102976"},"modified":"2017-01-02T02:59:49","modified_gmt":"2017-01-02T05:59:49","slug":"despues-de-tanto-calor-ahora-jujuy-con-alerta-meteorologica","status":"publish","type":"post","link":"https:\/\/notinor.com\/jujuy\/despues-de-tanto-calor-ahora-jujuy-con-alerta-meteorologica\/","title":{"rendered":"Despu\u00e9s de tanto calor, ahora Jujuy con alerta meteorol\u00f3gica"},"content":{"rendered":"<p><a href=\"http:\/\/notinor.com\/jujuy\/wp-content\/uploads\/2015\/01\/lluvia-en-jujuy.jpg\"><img decoding=\"async\" loading=\"lazy\" class=\"alignnone size-full wp-image-14322\" src=\"http:\/\/notinor.com\/jujuy\/wp-content\/uploads\/2015\/01\/lluvia-en-jujuy.jpg\" alt=\"lluvia en jujuy\" width=\"654\" height=\"480\" srcset=\"https:\/\/notinor.com\/jujuy\/wp-content\/uploads\/2015\/01\/lluvia-en-jujuy.jpg 654w, https:\/\/notinor.com\/jujuy\/wp-content\/uploads\/2015\/01\/lluvia-en-jujuy-300x220.jpg 300w\" sizes=\"(max-width: 654px) 100vw, 654px\" \/><\/a><\/p>\n<p>Ahora nuestra provincia se encuentra en alerta meteorol\u00f3gico por tormentas fuertes, seg\u00fan lo informa la p\u00e1gina oficial del Servicio Meteorol\u00f3gico Nacional. Para el centro y este de Jujuy, como as\u00ed tambi\u00e9n para el centro y este de Catamarca, oeste de Chaco, centro y norte de C\u00f3rdoba, sur de Corrientes, Entre R\u00edos, centro y este de la Rioja, centro y este de Salta y norte de Santa Fe, Santiago del Estero y Tucum\u00e1n.<\/p>\n<p>Esto significa que para todas estas zonas se espera tormentas aisladas que afecta la zona de cobertura, se estima que las mismas pueden ser fuertes con ocasional ciada de granizo, abundante ca\u00edda de agua en forma puntual y r\u00e1fagas. Se espera mejoramientos temporarios.<\/p>\n<p>As\u00ed despu\u00e9s de d\u00edas con calores que en zonas como del Ramal, llegaron a los 50\u00b0C de sensaci\u00f3n t\u00e9rmina.<\/p>\n<p>Ahora lleg\u00f3 el alivio para la zona de capital. Se espera nubosidad variable con probabilidad de lluvias y tormentas, algunas fuertes tanto para la ma\u00f1ana como por la tarde\/noche. Para el resto de la semana se prev\u00e9 inestabilidad con probable precipitaciones, lluvias y tormentas durante toda la semana pero a\u00fan as\u00ed las m\u00e1ximas continuaran en alta con 32\u00b0C.<\/p>\n<p>Para la zona del ramal, lugar donde se vivi\u00f3 la mayores temperaturas, se espera un leve alivio con lluvias y tormentas durante toda la semana. Sin embargo, las m\u00e1ximas se seguir\u00e1n sintiendo con 43\u00b0C.<\/p>\n<p>Otro de los lugares que van a ser \u00e9stos d\u00edas muy visitados por los turistas, en la zona de quebrada y puna. Se esperan lluvias y tormentas para toda la semana por la tarde\/noche, y m\u00e1ximas de 24\u00b0C. y m\u00ednimas de 10\u00b0C.<\/p>\n","protected":false},"excerpt":{"rendered":"<p>Ahora nuestra provincia se encuentra en alerta meteorol\u00f3gico por tormentas fuertes, seg\u00fan lo informa la p\u00e1gina oficial del Servicio Meteorol\u00f3gico Nacional. Para el centro y este de Jujuy, como as\u00ed tambi\u00e9n para el centro y este de Catamarca, oeste de Chaco, centro y norte de C\u00f3rdoba, sur de Corrientes, Entre R\u00edos, centro y este de [&hellip;]<\/p>\n","protected":false},"author":1,"featured_media":14322,"comment_status":"open","ping_status":"open","sticky":false,"template":"","format":"standard","meta":{"_stopmodifiedupdate":false,"_modified_date":"","inline_featured_image":false,"spay_email":"","jetpack_publicize_message":""},"categories":[485],"tags":[],"jetpack_featured_media_url":"https:\/\/notinor.com\/jujuy\/wp-content\/uploads\/2015\/01\/lluvia-en-jujuy.jpg","jetpack_publicize_connections":[],"_links":{"self":[{"href":"https:\/\/notinor.com\/jujuy\/wp-json\/wp\/v2\/posts\/102976"}],"collection":[{"href":"https:\/\/notinor.com\/jujuy\/wp-json\/wp\/v2\/posts"}],"about":[{"href":"https:\/\/notinor.com\/jujuy\/wp-json\/wp\/v2\/types\/post"}],"author":[{"embeddable":true,"href":"https:\/\/notinor.com\/jujuy\/wp-json\/wp\/v2\/users\/1"}],"replies":[{"embeddable":true,"href":"https:\/\/notinor.com\/jujuy\/wp-json\/wp\/v2\/comments?post=102976"}],"version-history":[{"count":1,"href":"https:\/\/notinor.com\/jujuy\/wp-json\/wp\/v2\/posts\/102976\/revisions"}],"predecessor-version":[{"id":102981,"href":"https:\/\/notinor.com\/jujuy\/wp-json\/wp\/v2\/posts\/102976\/revisions\/102981"}],"wp:featuredmedia":[{"embeddable":true,"href":"https:\/\/notinor.com\/jujuy\/wp-json\/wp\/v2\/media\/14322"}],"wp:attachment":[{"href":"https:\/\/notinor.com\/jujuy\/wp-json\/wp\/v2\/media?parent=102976"}],"wp:term":[{"taxonomy":"category","embeddable":true,"href":"https:\/\/notinor.com\/jujuy\/wp-json\/wp\/v2\/categories?post=102976"},{"taxonomy":"post_tag","embeddable":true,"href":"https:\/\/notinor.com\/jujuy\/wp-json\/wp\/v2\/tags?post=102976"}],"curies":[{"name":"wp","href":"https:\/\/api.w.org\/{rel}","templated":true}]}}