{"id":102276,"date":"2016-12-25T10:47:39","date_gmt":"2016-12-25T13:47:39","guid":{"rendered":"http:\/\/notinor.com\/jujuy\/?p=102276"},"modified":"2016-12-25T13:06:40","modified_gmt":"2016-12-25T16:06:40","slug":"el-oportunismo-de-rodriguez-saa-en-navidad","status":"publish","type":"post","link":"https:\/\/notinor.com\/jujuy\/el-oportunismo-de-rodriguez-saa-en-navidad\/","title":{"rendered":"El oportunismo de Rodriguez Sa\u00e1 en Navidad"},"content":{"rendered":"<p>&nbsp;<\/p>\n<p><a href=\"http:\/\/notinor.com\/jujuy\/wp-content\/uploads\/2016\/12\/rodriguez-saa-1.jpg\"><img decoding=\"async\" loading=\"lazy\" class=\"alignnone size-full wp-image-102278\" src=\"http:\/\/notinor.com\/jujuy\/wp-content\/uploads\/2016\/12\/rodriguez-saa-1.jpg\" alt=\"rodriguez-saa-1\" width=\"600\" height=\"337\" srcset=\"https:\/\/notinor.com\/jujuy\/wp-content\/uploads\/2016\/12\/rodriguez-saa-1.jpg 600w, https:\/\/notinor.com\/jujuy\/wp-content\/uploads\/2016\/12\/rodriguez-saa-1-300x169.jpg 300w, https:\/\/notinor.com\/jujuy\/wp-content\/uploads\/2016\/12\/rodriguez-saa-1-199x112.jpg 199w\" sizes=\"(max-width: 600px) 100vw, 600px\" \/><\/a><\/p>\n<p>El gobernador estuvo hasta las 22 horas, horario en que finaliza las visitas al penal y hoy pretende nuevamente reunirse para el brindis del 25.<\/p>\n<p>No vino solo estuvo acompa\u00f1ado del diputado nacional Luis Lusqui\u00f1os, quienes tomaron la decisi\u00f3n de pasar esta fecha especial en nuestra provincia y hacerle compa\u00f1\u00eda a la dirigente, donde repudiaron su detenci\u00f3n.<\/p>\n<p><a href=\"http:\/\/notinor.com\/jujuy\/wp-content\/uploads\/2016\/12\/rodriguez-saa-2.jpg\"><img decoding=\"async\" loading=\"lazy\" class=\"alignnone size-full wp-image-102277\" src=\"http:\/\/notinor.com\/jujuy\/wp-content\/uploads\/2016\/12\/rodriguez-saa-2.jpg\" alt=\"rodriguez-saa-2\" width=\"600\" height=\"337\" srcset=\"https:\/\/notinor.com\/jujuy\/wp-content\/uploads\/2016\/12\/rodriguez-saa-2.jpg 600w, https:\/\/notinor.com\/jujuy\/wp-content\/uploads\/2016\/12\/rodriguez-saa-2-300x169.jpg 300w, https:\/\/notinor.com\/jujuy\/wp-content\/uploads\/2016\/12\/rodriguez-saa-2-199x112.jpg 199w\" sizes=\"(max-width: 600px) 100vw, 600px\" \/><\/a><\/p>\n<p>Ya son varias las personalidades del \u00e1mbito nacional que visitaron nuestra provincia, como una especia de tour tur\u00edstico visitan a Sala, se sacan la foto y se van a sus hogares.<\/p>\n","protected":false},"excerpt":{"rendered":"<p>&nbsp; El gobernador estuvo hasta las 22 horas, horario en que finaliza las visitas al penal y hoy pretende nuevamente reunirse para el brindis del 25. No vino solo estuvo acompa\u00f1ado del diputado nacional Luis Lusqui\u00f1os, quienes tomaron la decisi\u00f3n de pasar esta fecha especial en nuestra provincia y hacerle compa\u00f1\u00eda a la dirigente, donde [&hellip;]<\/p>\n","protected":false},"author":1,"featured_media":102279,"comment_status":"open","ping_status":"open","sticky":false,"template":"","format":"standard","meta":{"_stopmodifiedupdate":false,"_modified_date":"","inline_featured_image":false},"categories":[2,485],"tags":[],"jetpack_featured_media_url":"https:\/\/notinor.com\/jujuy\/wp-content\/uploads\/2016\/12\/papa-noel-goberndor1.jpg","_links":{"self":[{"href":"https:\/\/notinor.com\/jujuy\/wp-json\/wp\/v2\/posts\/102276"}],"collection":[{"href":"https:\/\/notinor.com\/jujuy\/wp-json\/wp\/v2\/posts"}],"about":[{"href":"https:\/\/notinor.com\/jujuy\/wp-json\/wp\/v2\/types\/post"}],"author":[{"embeddable":true,"href":"https:\/\/notinor.com\/jujuy\/wp-json\/wp\/v2\/users\/1"}],"replies":[{"embeddable":true,"href":"https:\/\/notinor.com\/jujuy\/wp-json\/wp\/v2\/comments?post=102276"}],"version-history":[{"count":1,"href":"https:\/\/notinor.com\/jujuy\/wp-json\/wp\/v2\/posts\/102276\/revisions"}],"predecessor-version":[{"id":102280,"href":"https:\/\/notinor.com\/jujuy\/wp-json\/wp\/v2\/posts\/102276\/revisions\/102280"}],"wp:featuredmedia":[{"embeddable":true,"href":"https:\/\/notinor.com\/jujuy\/wp-json\/wp\/v2\/media\/102279"}],"wp:attachment":[{"href":"https:\/\/notinor.com\/jujuy\/wp-json\/wp\/v2\/media?parent=102276"}],"wp:term":[{"taxonomy":"category","embeddable":true,"href":"https:\/\/notinor.com\/jujuy\/wp-json\/wp\/v2\/categories?post=102276"},{"taxonomy":"post_tag","embeddable":true,"href":"https:\/\/notinor.com\/jujuy\/wp-json\/wp\/v2\/tags?post=102276"}],"curies":[{"name":"wp","href":"https:\/\/api.w.org\/{rel}","templated":true}]}}