{"id":102273,"date":"2016-12-25T12:46:39","date_gmt":"2016-12-25T15:46:39","guid":{"rendered":"http:\/\/notinor.com\/jujuy\/?p=102273"},"modified":"2016-12-25T12:46:39","modified_gmt":"2016-12-25T15:46:39","slug":"mensaje-papal-para-navidad-pidio-pensar-en-los-ninos-abandonados-a-su-suerte","status":"publish","type":"post","link":"https:\/\/notinor.com\/jujuy\/mensaje-papal-para-navidad-pidio-pensar-en-los-ninos-abandonados-a-su-suerte\/","title":{"rendered":"Mensaje Papal para Navidad: Pidi\u00f3 pensar en los ni\u00f1os abandonados a su suerte"},"content":{"rendered":"<p><a href=\"http:\/\/notinor.com\/jujuy\/wp-content\/uploads\/2016\/07\/papaatentados.jpg\"><img decoding=\"async\" loading=\"lazy\" class=\"alignnone size-full wp-image-79149\" src=\"http:\/\/notinor.com\/jujuy\/wp-content\/uploads\/2016\/07\/papaatentados.jpg\" alt=\"papaatentados\" width=\"1360\" height=\"765\" srcset=\"https:\/\/notinor.com\/jujuy\/wp-content\/uploads\/2016\/07\/papaatentados.jpg 1360w, https:\/\/notinor.com\/jujuy\/wp-content\/uploads\/2016\/07\/papaatentados-300x169.jpg 300w, https:\/\/notinor.com\/jujuy\/wp-content\/uploads\/2016\/07\/papaatentados-1024x576.jpg 1024w, https:\/\/notinor.com\/jujuy\/wp-content\/uploads\/2016\/07\/papaatentados-199x112.jpg 199w, https:\/\/notinor.com\/jujuy\/wp-content\/uploads\/2016\/07\/papaatentados-900x506.jpg 900w\" sizes=\"(max-width: 1360px) 100vw, 1360px\" \/><\/a><\/p>\n<p>El papa Francisco pidi\u00f3 este s\u00e1bado a los 1.200 millones de cat\u00f3licos en el mundo que tengan compasi\u00f3n de los ni\u00f1os abandonados a su suerte en estas Navidades, durante su tradicional homil\u00eda de Nochebuena.<\/p>\n<p>\"Dej\u00e9monos interpelar por los ni\u00f1os que, hoy, no est\u00e1n recostados en una cuna ni acariciados por el afecto de una madre ni de un padre, sino que yacen (...) en el refugio subterr\u00e1neo para escapar de los bombardeos, sobre las aceras de una gran ciudad, en el fondo de una barcaza repleta de emigrantes\" pidi\u00f3 Francisco.<\/p>\n<p>Este a\u00f1o m\u00e1s de 5.000 personas han muerto al intentar cruzar el Mediterr\u00e1neo para alcanzar las orillas de Europa.<br \/>\nMiles de sirios desesperados tuvieron que abandonar la asediada Alepo, incluidos ni\u00f1os, ante la reconquista del r\u00e9gimen de la segunda ciudad del pa\u00eds.<\/p>\n<p>\"Dej\u00e9monos interpelar por los ni\u00f1os a los que no se les deja nacer, por los que lloran porque nadie les sacia su hambre, por los que no tienen en sus manos juguetes, sino armas\" a\u00f1adi\u00f3 el papa argentino.<\/p>\n<p>El pont\u00edfice, haciendo gala una vez m\u00e1s de su cr\u00edtica al materialismo, exigi\u00f3 igualmente a los cat\u00f3licos que eviten el ego\u00edsmo, cuando \"Navidad es una fiesta donde los protagonistas somos nosotros en vez de \u00e9l; cuando las luces del comercio arrinconan en la sombra la luz de Dios; cuando nos afanamos por los regalos y permanecemos insensibles ante quien est\u00e1 marginado\".<\/p>\n<p>El papa Francisco celebr\u00f3 su 80 aniversario la semana pasada. El domingo pronunciar\u00e1 su tradicional mensaje de Navidad.<\/p>\n","protected":false},"excerpt":{"rendered":"<p>El papa Francisco pidi\u00f3 este s\u00e1bado a los 1.200 millones de cat\u00f3licos en el mundo que tengan compasi\u00f3n de los ni\u00f1os abandonados a su suerte en estas Navidades, durante su tradicional homil\u00eda de Nochebuena. \"Dej\u00e9monos interpelar por los ni\u00f1os que, hoy, no est\u00e1n recostados en una cuna ni acariciados por el afecto de una madre [&hellip;]<\/p>\n","protected":false},"author":1,"featured_media":79149,"comment_status":"open","ping_status":"open","sticky":false,"template":"","format":"standard","meta":{"_stopmodifiedupdate":false,"_modified_date":"","inline_featured_image":false},"categories":[485],"tags":[],"jetpack_featured_media_url":"https:\/\/notinor.com\/jujuy\/wp-content\/uploads\/2016\/07\/papaatentados.jpg","_links":{"self":[{"href":"https:\/\/notinor.com\/jujuy\/wp-json\/wp\/v2\/posts\/102273"}],"collection":[{"href":"https:\/\/notinor.com\/jujuy\/wp-json\/wp\/v2\/posts"}],"about":[{"href":"https:\/\/notinor.com\/jujuy\/wp-json\/wp\/v2\/types\/post"}],"author":[{"embeddable":true,"href":"https:\/\/notinor.com\/jujuy\/wp-json\/wp\/v2\/users\/1"}],"replies":[{"embeddable":true,"href":"https:\/\/notinor.com\/jujuy\/wp-json\/wp\/v2\/comments?post=102273"}],"version-history":[{"count":2,"href":"https:\/\/notinor.com\/jujuy\/wp-json\/wp\/v2\/posts\/102273\/revisions"}],"predecessor-version":[{"id":102275,"href":"https:\/\/notinor.com\/jujuy\/wp-json\/wp\/v2\/posts\/102273\/revisions\/102275"}],"wp:featuredmedia":[{"embeddable":true,"href":"https:\/\/notinor.com\/jujuy\/wp-json\/wp\/v2\/media\/79149"}],"wp:attachment":[{"href":"https:\/\/notinor.com\/jujuy\/wp-json\/wp\/v2\/media?parent=102273"}],"wp:term":[{"taxonomy":"category","embeddable":true,"href":"https:\/\/notinor.com\/jujuy\/wp-json\/wp\/v2\/categories?post=102273"},{"taxonomy":"post_tag","embeddable":true,"href":"https:\/\/notinor.com\/jujuy\/wp-json\/wp\/v2\/tags?post=102273"}],"curies":[{"name":"wp","href":"https:\/\/api.w.org\/{rel}","templated":true}]}}