{"id":101794,"date":"2016-12-20T00:00:43","date_gmt":"2016-12-20T03:00:43","guid":{"rendered":"http:\/\/notinor.com\/jujuy\/?p=101794"},"modified":"2016-12-20T09:22:38","modified_gmt":"2016-12-20T12:22:38","slug":"la-ffavem-y-la-feria-frutihorticola-cierre-de-actividades-2016","status":"publish","type":"post","link":"https:\/\/notinor.com\/jujuy\/la-ffavem-y-la-feria-frutihorticola-cierre-de-actividades-2016\/","title":{"rendered":"La FFAVEM y la Feria Frutihort\u00edcola cierra sus actividades por 2016"},"content":{"rendered":"<p><a href=\"http:\/\/notinor.com\/jujuy\/wp-content\/uploads\/2016\/12\/FFAVeM-1.jpg\"><img decoding=\"async\" loading=\"lazy\" class=\"size-medium wp-image-101797 aligncenter\" src=\"http:\/\/notinor.com\/jujuy\/wp-content\/uploads\/2016\/12\/FFAVeM-1-300x225.jpg\" alt=\"ffavem-1\" width=\"300\" height=\"225\" srcset=\"https:\/\/notinor.com\/jujuy\/wp-content\/uploads\/2016\/12\/FFAVeM-1-300x225.jpg 300w, https:\/\/notinor.com\/jujuy\/wp-content\/uploads\/2016\/12\/FFAVeM-1.jpg 800w\" sizes=\"(max-width: 300px) 100vw, 300px\" \/><\/a><\/p>\n<p>En el Centro Cultural Manuel Belgrano, se desarroll\u00f3 la 4ta edici\u00f3n de la feria Frutihort\u00edcola y la Feria Franca de Abastecimiento Vecinal Municipal (FFAVeM), con productores de las\u00a0 cuatro regiones, que ofrecen productos de calidad, frescos y de manera directa, promoviendo la econom\u00eda solidaria.<\/p>\n<p>En esa oportunidad, Buenaventura Maman\u00ed, titular de la Agencia de Desarrollo Jujuy Activa, dijo \"esto es positivo, porque nos permite manejar criterios juntos.\u00a0 Gracias a que este tipo de ferias se evita los intermediarios, es decir, vienen productos de manera directa del productor al consumidor, lo que abarata los costos y ofrece una variada cantidad de productos para la gente\".<\/p>\n<p>Por otro lado, el Director General de Desarrollo, Juan Casasco, expres\u00f3 \"en este cierre estamos haciendo un balance muy positivo, con una gran concurrencia de vecinos,donde se suman d\u00eda a d\u00eda m\u00e1s productores de FFAVeM, alrededor de 25 productores, que logran insertar sus productos por un lado y por el otro los vecinos conformes con los precios y la calidad de lo que se ofrece\".<\/p>\n<p>Desde la organizaci\u00f3n en conjunto de este evento, se dej\u00f3 entrever que a partir del a\u00f1o que viene se realizar\u00e1n con mayor frecuencia y en varios puntos de la Provincia para permitir que todos los productores y visitantes disfruten por igual este tipo de eventos.<\/p>\n<p>Enzo Gonzales, de la Agencia de Comercializaci\u00f3n del Gobierno Provincial manifest\u00f3 \"la verdad es que estamos contentos por la participaci\u00f3n de los productores, vienen de diferentes lugares y aportan conocimientos y productos variados para enriquecer a\u00fan m\u00e1s a la FFAVeM\".<\/p>\n<p>Desde ambos sectores, Municipio y Provincia, se viene desarrollando talleres de capacitaci\u00f3n y promoviendo l\u00edneas de cr\u00e9dito para los productores y emprendedores de la Provincia, por lo que los interesados podr\u00e1n informarse en el Mercado de Concentraci\u00f3n y Abasto en Almirante Brown, 1er piso, Agencia de Desarrollo, tambi\u00e9n para ser beneficiarios de capacitaciones deber\u00e1n entrar en la p\u00e1gina www.comercializaci\u00f3n Jujuy.gob.ar.<\/p>\n<p>El d\u00eda jueves 22 se realizar\u00e1 la \u00faltima FFAVeM en CPV de B\u00b0 Malvinas, de 16hs hasta las 22hs.<\/p>\n<p>&nbsp;<\/p>\n<p>&nbsp;<\/p>\n<p>&nbsp;<\/p>\n<p>&nbsp;<\/p>\n","protected":false},"excerpt":{"rendered":"<p>En el Centro Cultural Manuel Belgrano, se desarroll\u00f3 la 4ta edici\u00f3n de la feria Frutihort\u00edcola y la Feria Franca de Abastecimiento Vecinal Municipal (FFAVeM), con productores de las\u00a0 cuatro regiones, que ofrecen productos de calidad, frescos y de manera directa, promoviendo la econom\u00eda solidaria. En esa oportunidad, Buenaventura Maman\u00ed, titular de la Agencia de Desarrollo [&hellip;]<\/p>\n","protected":false},"author":5,"featured_media":101796,"comment_status":"open","ping_status":"open","sticky":false,"template":"","format":"standard","meta":{"_stopmodifiedupdate":false,"_modified_date":"","inline_featured_image":false,"spay_email":"","jetpack_publicize_message":""},"categories":[490],"tags":[],"jetpack_featured_media_url":"https:\/\/notinor.com\/jujuy\/wp-content\/uploads\/2016\/12\/FFAVeM-2.jpg","jetpack_publicize_connections":[],"_links":{"self":[{"href":"https:\/\/notinor.com\/jujuy\/wp-json\/wp\/v2\/posts\/101794"}],"collection":[{"href":"https:\/\/notinor.com\/jujuy\/wp-json\/wp\/v2\/posts"}],"about":[{"href":"https:\/\/notinor.com\/jujuy\/wp-json\/wp\/v2\/types\/post"}],"author":[{"embeddable":true,"href":"https:\/\/notinor.com\/jujuy\/wp-json\/wp\/v2\/users\/5"}],"replies":[{"embeddable":true,"href":"https:\/\/notinor.com\/jujuy\/wp-json\/wp\/v2\/comments?post=101794"}],"version-history":[{"count":3,"href":"https:\/\/notinor.com\/jujuy\/wp-json\/wp\/v2\/posts\/101794\/revisions"}],"predecessor-version":[{"id":101799,"href":"https:\/\/notinor.com\/jujuy\/wp-json\/wp\/v2\/posts\/101794\/revisions\/101799"}],"wp:featuredmedia":[{"embeddable":true,"href":"https:\/\/notinor.com\/jujuy\/wp-json\/wp\/v2\/media\/101796"}],"wp:attachment":[{"href":"https:\/\/notinor.com\/jujuy\/wp-json\/wp\/v2\/media?parent=101794"}],"wp:term":[{"taxonomy":"category","embeddable":true,"href":"https:\/\/notinor.com\/jujuy\/wp-json\/wp\/v2\/categories?post=101794"},{"taxonomy":"post_tag","embeddable":true,"href":"https:\/\/notinor.com\/jujuy\/wp-json\/wp\/v2\/tags?post=101794"}],"curies":[{"name":"wp","href":"https:\/\/api.w.org\/{rel}","templated":true}]}}