{"id":101719,"date":"2016-12-20T00:00:35","date_gmt":"2016-12-20T03:00:35","guid":{"rendered":"http:\/\/notinor.com\/jujuy\/?p=101719"},"modified":"2016-12-19T20:56:57","modified_gmt":"2016-12-19T23:56:57","slug":"macri-se-sometera-a-una-microcirugia-laser-por-una-disfonia","status":"publish","type":"post","link":"https:\/\/notinor.com\/jujuy\/macri-se-sometera-a-una-microcirugia-laser-por-una-disfonia\/","title":{"rendered":"Macri se someter\u00e1 a una microcirug\u00eda l\u00e1ser por una disfon\u00eda"},"content":{"rendered":"<p><a href=\"http:\/\/notinor.com\/jujuy\/wp-content\/uploads\/2016\/12\/Macri.jpg\"><img decoding=\"async\" loading=\"lazy\" class=\"alignnone size-full wp-image-100591\" src=\"http:\/\/notinor.com\/jujuy\/wp-content\/uploads\/2016\/12\/Macri.jpg\" alt=\"macri\" width=\"645\" height=\"362\" srcset=\"https:\/\/notinor.com\/jujuy\/wp-content\/uploads\/2016\/12\/Macri.jpg 645w, https:\/\/notinor.com\/jujuy\/wp-content\/uploads\/2016\/12\/Macri-300x168.jpg 300w, https:\/\/notinor.com\/jujuy\/wp-content\/uploads\/2016\/12\/Macri-199x112.jpg 199w, https:\/\/notinor.com\/jujuy\/wp-content\/uploads\/2016\/12\/Macri-616x345.jpg 616w\" sizes=\"(max-width: 645px) 100vw, 645px\" \/><\/a><\/p>\n<p>\"El d\u00eda y hora de la intervenci\u00f3n, tras la cual el Jefe de Estado se retirar\u00e1 por sus propios medios con s\u00f3lo la indicaci\u00f3n de reposo relativo de la voz, ser\u00e1 decidida en breve, de acuerdo con las posibilidades de agenda\", dijo en un comunicado la Unidad M\u00e9dica Presidencial.<\/p>\n<p>&nbsp;<\/p>\n","protected":false},"excerpt":{"rendered":"<p>\"El d\u00eda y hora de la intervenci\u00f3n, tras la cual el Jefe de Estado se retirar\u00e1 por sus propios medios con s\u00f3lo la indicaci\u00f3n de reposo relativo de la voz, ser\u00e1 decidida en breve, de acuerdo con las posibilidades de agenda\", dijo en un comunicado la Unidad M\u00e9dica Presidencial. &nbsp;<\/p>\n","protected":false},"author":1,"featured_media":100591,"comment_status":"open","ping_status":"open","sticky":false,"template":"","format":"standard","meta":{"_stopmodifiedupdate":false,"_modified_date":"","inline_featured_image":false,"spay_email":"","jetpack_publicize_message":""},"categories":[5],"tags":[],"jetpack_featured_media_url":"https:\/\/notinor.com\/jujuy\/wp-content\/uploads\/2016\/12\/Macri.jpg","jetpack_publicize_connections":[],"_links":{"self":[{"href":"https:\/\/notinor.com\/jujuy\/wp-json\/wp\/v2\/posts\/101719"}],"collection":[{"href":"https:\/\/notinor.com\/jujuy\/wp-json\/wp\/v2\/posts"}],"about":[{"href":"https:\/\/notinor.com\/jujuy\/wp-json\/wp\/v2\/types\/post"}],"author":[{"embeddable":true,"href":"https:\/\/notinor.com\/jujuy\/wp-json\/wp\/v2\/users\/1"}],"replies":[{"embeddable":true,"href":"https:\/\/notinor.com\/jujuy\/wp-json\/wp\/v2\/comments?post=101719"}],"version-history":[{"count":2,"href":"https:\/\/notinor.com\/jujuy\/wp-json\/wp\/v2\/posts\/101719\/revisions"}],"predecessor-version":[{"id":101721,"href":"https:\/\/notinor.com\/jujuy\/wp-json\/wp\/v2\/posts\/101719\/revisions\/101721"}],"wp:featuredmedia":[{"embeddable":true,"href":"https:\/\/notinor.com\/jujuy\/wp-json\/wp\/v2\/media\/100591"}],"wp:attachment":[{"href":"https:\/\/notinor.com\/jujuy\/wp-json\/wp\/v2\/media?parent=101719"}],"wp:term":[{"taxonomy":"category","embeddable":true,"href":"https:\/\/notinor.com\/jujuy\/wp-json\/wp\/v2\/categories?post=101719"},{"taxonomy":"post_tag","embeddable":true,"href":"https:\/\/notinor.com\/jujuy\/wp-json\/wp\/v2\/tags?post=101719"}],"curies":[{"name":"wp","href":"https:\/\/api.w.org\/{rel}","templated":true}]}}