{"id":101709,"date":"2016-12-20T00:00:38","date_gmt":"2016-12-20T03:00:38","guid":{"rendered":"http:\/\/notinor.com\/jujuy\/?p=101709"},"modified":"2016-12-19T20:44:47","modified_gmt":"2016-12-19T23:44:47","slug":"se-llevo-a-cabo-el-festival-de-los-diques","status":"publish","type":"post","link":"https:\/\/notinor.com\/jujuy\/se-llevo-a-cabo-el-festival-de-los-diques\/","title":{"rendered":"Se llevo a cabo el Festival de los Diques"},"content":{"rendered":"<p><a href=\"http:\/\/notinor.com\/jujuy\/wp-content\/uploads\/2016\/12\/Festival-de-los-diques1.jpg\"><img decoding=\"async\" loading=\"lazy\" class=\"alignnone size-full wp-image-101711\" src=\"http:\/\/notinor.com\/jujuy\/wp-content\/uploads\/2016\/12\/Festival-de-los-diques1.jpg\" alt=\"festival-de-los-diques\" width=\"960\" height=\"638\" srcset=\"https:\/\/notinor.com\/jujuy\/wp-content\/uploads\/2016\/12\/Festival-de-los-diques1.jpg 960w, https:\/\/notinor.com\/jujuy\/wp-content\/uploads\/2016\/12\/Festival-de-los-diques1-300x199.jpg 300w, https:\/\/notinor.com\/jujuy\/wp-content\/uploads\/2016\/12\/Festival-de-los-diques1-900x598.jpg 900w\" sizes=\"(max-width: 960px) 100vw, 960px\" \/><\/a><\/p>\n<p>En la jornada el intendente Adri\u00e1n Mendieta agradeci\u00f3 a todo el p\u00fablico que se dio cita para vivir este \u00faltimo espect\u00e1culo del a\u00f1o. En el escenario el joven Pablo Quispe, realiz\u00f3 un mural alusivo a la doma, el cual obsequi\u00f3 luego al jefe comunal.<\/p>\n<p>En el escenario los artistas se lucieron a puro folclore, entre los convocados estuvieron el \"Chino\" S\u00e1nchez, los Forasteros del Chaco, Los Criollos, Becho Riveiro, Los Diableros de Or\u00e1n y cerrando la jornada Los Super Chavos.<\/p>\n","protected":false},"excerpt":{"rendered":"<p>En la jornada el intendente Adri\u00e1n Mendieta agradeci\u00f3 a todo el p\u00fablico que se dio cita para vivir este \u00faltimo espect\u00e1culo del a\u00f1o. En el escenario el joven Pablo Quispe, realiz\u00f3 un mural alusivo a la doma, el cual obsequi\u00f3 luego al jefe comunal. En el escenario los artistas se lucieron a puro folclore, entre [&hellip;]<\/p>\n","protected":false},"author":1,"featured_media":101711,"comment_status":"open","ping_status":"open","sticky":false,"template":"","format":"standard","meta":{"_stopmodifiedupdate":false,"_modified_date":"","inline_featured_image":false,"spay_email":"","jetpack_publicize_message":""},"categories":[4],"tags":[],"jetpack_featured_media_url":"https:\/\/notinor.com\/jujuy\/wp-content\/uploads\/2016\/12\/Festival-de-los-diques1.jpg","jetpack_publicize_connections":[],"_links":{"self":[{"href":"https:\/\/notinor.com\/jujuy\/wp-json\/wp\/v2\/posts\/101709"}],"collection":[{"href":"https:\/\/notinor.com\/jujuy\/wp-json\/wp\/v2\/posts"}],"about":[{"href":"https:\/\/notinor.com\/jujuy\/wp-json\/wp\/v2\/types\/post"}],"author":[{"embeddable":true,"href":"https:\/\/notinor.com\/jujuy\/wp-json\/wp\/v2\/users\/1"}],"replies":[{"embeddable":true,"href":"https:\/\/notinor.com\/jujuy\/wp-json\/wp\/v2\/comments?post=101709"}],"version-history":[{"count":2,"href":"https:\/\/notinor.com\/jujuy\/wp-json\/wp\/v2\/posts\/101709\/revisions"}],"predecessor-version":[{"id":101712,"href":"https:\/\/notinor.com\/jujuy\/wp-json\/wp\/v2\/posts\/101709\/revisions\/101712"}],"wp:featuredmedia":[{"embeddable":true,"href":"https:\/\/notinor.com\/jujuy\/wp-json\/wp\/v2\/media\/101711"}],"wp:attachment":[{"href":"https:\/\/notinor.com\/jujuy\/wp-json\/wp\/v2\/media?parent=101709"}],"wp:term":[{"taxonomy":"category","embeddable":true,"href":"https:\/\/notinor.com\/jujuy\/wp-json\/wp\/v2\/categories?post=101709"},{"taxonomy":"post_tag","embeddable":true,"href":"https:\/\/notinor.com\/jujuy\/wp-json\/wp\/v2\/tags?post=101709"}],"curies":[{"name":"wp","href":"https:\/\/api.w.org\/{rel}","templated":true}]}}