{"id":101673,"date":"2016-12-19T04:03:24","date_gmt":"2016-12-19T07:03:24","guid":{"rendered":"http:\/\/notinor.com\/jujuy\/?p=101673"},"modified":"2016-12-19T04:03:24","modified_gmt":"2016-12-19T07:03:24","slug":"se-solicita-que-la-universidad-de-jujuy-explique-la-presencia-de-kicillof-en-la-unju","status":"publish","type":"post","link":"https:\/\/notinor.com\/jujuy\/se-solicita-que-la-universidad-de-jujuy-explique-la-presencia-de-kicillof-en-la-unju\/","title":{"rendered":"Se solicita que la Universidad de Jujuy explique la presencia de Kicillof en la UNJu"},"content":{"rendered":"<p><a href=\"http:\/\/notinor.com\/jujuy\/wp-content\/uploads\/2016\/12\/kisilof1.jpg\"><img decoding=\"async\" loading=\"lazy\" class=\"alignnone size-full wp-image-101675\" src=\"http:\/\/notinor.com\/jujuy\/wp-content\/uploads\/2016\/12\/kisilof1.jpg\" alt=\"kisilof\" width=\"1000\" height=\"359\" srcset=\"https:\/\/notinor.com\/jujuy\/wp-content\/uploads\/2016\/12\/kisilof1.jpg 1000w, https:\/\/notinor.com\/jujuy\/wp-content\/uploads\/2016\/12\/kisilof1-300x108.jpg 300w, https:\/\/notinor.com\/jujuy\/wp-content\/uploads\/2016\/12\/kisilof1-900x323.jpg 900w\" sizes=\"(max-width: 1000px) 100vw, 1000px\" \/><\/a><\/p>\n<p>Estuvieron presentes\u00a0\"Resistiendo con Aguante\", \"Nuevo Encuentro\" y de la Agrupaci\u00f3n \"La Campora\" con banderas en apoyo al economista en una de las dependencias de la Universidad Nacional de Jujuy.<\/p>\n<p>&nbsp;<\/p>\n<p>Jos\u00e9 Mar\u00eda Albizo Caz\u00f3n, elev\u00f3 un pedido de informe solicitando \"se esclarezca\" la presencia del Diputado Kirchnerista, Axel Kicillof, en inmediaciones de la Universidad Nacional de Jujuy.<\/p>\n<p>&nbsp;<\/p>\n<p>Se trato -recordemos- en el contexto de la eventualidad que congreg\u00f3 a simpatizantes del Diputado Nacional (FPV) Axel Kicillof, quien brind\u00f3 un discurso desde las 10:00am., en el cual entre otros temas, cuestion\u00f3 la vigencia de un \"estado de derecho\" en la Provincia de Jujuy, e inst\u00f3 a la liberaci\u00f3n de Milagro Sala.<\/p>\n<p>&nbsp;<br \/>\nNo obstante, el m\u00e1ximo exponente de la Diputada Nacional Elisa \"Lilita\" Carrio en nuestra Provincia, coment\u00f3 que adem\u00e1s realizar\u00e1n en los pr\u00f3ximos d\u00edas una propuesta de regulaci\u00f3n de los espacios pertenecientes a la UNJU, con objeto de \"bloquear\" todo tipo de actos pol\u00edticos-partidarios, aclarando que quedar\u00edan exentos de dicha medida todos aquellos que bien tengan como actores principales a pol\u00edticos, pero \"se encuentren en el marco del enriquecimiento intelectual\", como ser: Debates; Presentaciones de libros; Exposiciones de labor legislativa; Charlas, talleres o conferencias en alusi\u00f3n a cuestiones acad\u00e9micas competentes; entre otras actividades en las cuales el alumnado pueda participar activamente \"sin banderas partidarias\".<\/p>\n<p>&nbsp;<br \/>\n\"Esta iniciativa que tambi\u00e9n presentar\u00e9 ante el Rector Tecchi, ser\u00e1 para evitar que cualquier partido pol\u00edtico, sea el PJ, el PRO, la UCR, o la misma CC-ARI, tenga el desatino de repetir esta actitud a mi criterio viciosa y propia de a\u00f1os de falta de control. Aparte, dicen que Ley pareja no es rigurosa \u00bfNo?\", sentenci\u00f3 Albizo Caz\u00f3n.<\/p>\n<p>&nbsp;<\/p>\n","protected":false},"excerpt":{"rendered":"<p>Estuvieron presentes\u00a0\"Resistiendo con Aguante\", \"Nuevo Encuentro\" y de la Agrupaci\u00f3n \"La Campora\" con banderas en apoyo al economista en una de las dependencias de la Universidad Nacional de Jujuy. &nbsp; Jos\u00e9 Mar\u00eda Albizo Caz\u00f3n, elev\u00f3 un pedido de informe solicitando \"se esclarezca\" la presencia del Diputado Kirchnerista, Axel Kicillof, en inmediaciones de la Universidad Nacional [&hellip;]<\/p>\n","protected":false},"author":1,"featured_media":101675,"comment_status":"open","ping_status":"open","sticky":false,"template":"","format":"standard","meta":{"_stopmodifiedupdate":false,"_modified_date":"","inline_featured_image":false},"categories":[493],"tags":[],"jetpack_featured_media_url":"https:\/\/notinor.com\/jujuy\/wp-content\/uploads\/2016\/12\/kisilof1.jpg","_links":{"self":[{"href":"https:\/\/notinor.com\/jujuy\/wp-json\/wp\/v2\/posts\/101673"}],"collection":[{"href":"https:\/\/notinor.com\/jujuy\/wp-json\/wp\/v2\/posts"}],"about":[{"href":"https:\/\/notinor.com\/jujuy\/wp-json\/wp\/v2\/types\/post"}],"author":[{"embeddable":true,"href":"https:\/\/notinor.com\/jujuy\/wp-json\/wp\/v2\/users\/1"}],"replies":[{"embeddable":true,"href":"https:\/\/notinor.com\/jujuy\/wp-json\/wp\/v2\/comments?post=101673"}],"version-history":[{"count":1,"href":"https:\/\/notinor.com\/jujuy\/wp-json\/wp\/v2\/posts\/101673\/revisions"}],"predecessor-version":[{"id":101676,"href":"https:\/\/notinor.com\/jujuy\/wp-json\/wp\/v2\/posts\/101673\/revisions\/101676"}],"wp:featuredmedia":[{"embeddable":true,"href":"https:\/\/notinor.com\/jujuy\/wp-json\/wp\/v2\/media\/101675"}],"wp:attachment":[{"href":"https:\/\/notinor.com\/jujuy\/wp-json\/wp\/v2\/media?parent=101673"}],"wp:term":[{"taxonomy":"category","embeddable":true,"href":"https:\/\/notinor.com\/jujuy\/wp-json\/wp\/v2\/categories?post=101673"},{"taxonomy":"post_tag","embeddable":true,"href":"https:\/\/notinor.com\/jujuy\/wp-json\/wp\/v2\/tags?post=101673"}],"curies":[{"name":"wp","href":"https:\/\/api.w.org\/{rel}","templated":true}]}}