{"id":101667,"date":"2016-12-19T03:34:39","date_gmt":"2016-12-19T06:34:39","guid":{"rendered":"http:\/\/notinor.com\/jujuy\/?p=101667"},"modified":"2016-12-19T03:35:31","modified_gmt":"2016-12-19T06:35:31","slug":"segunda-audiencia-publica-contra-la-dirigente-milagro-sala","status":"publish","type":"post","link":"https:\/\/notinor.com\/jujuy\/segunda-audiencia-publica-contra-la-dirigente-milagro-sala\/","title":{"rendered":"Segunda audiencia p\u00fablica contra la dirigente Milagro Sala"},"content":{"rendered":"<p><a href=\"http:\/\/notinor.com\/jujuy\/wp-content\/uploads\/2016\/12\/milagro-sala-justicia-juicio.jpg\"><img decoding=\"async\" loading=\"lazy\" class=\"alignnone size-full wp-image-101669\" src=\"http:\/\/notinor.com\/jujuy\/wp-content\/uploads\/2016\/12\/milagro-sala-justicia-juicio.jpg\" alt=\"milagro-sala-justicia-juicio\" width=\"960\" height=\"720\" srcset=\"https:\/\/notinor.com\/jujuy\/wp-content\/uploads\/2016\/12\/milagro-sala-justicia-juicio.jpg 960w, https:\/\/notinor.com\/jujuy\/wp-content\/uploads\/2016\/12\/milagro-sala-justicia-juicio-300x225.jpg 300w, https:\/\/notinor.com\/jujuy\/wp-content\/uploads\/2016\/12\/milagro-sala-justicia-juicio-900x675.jpg 900w\" sizes=\"(max-width: 960px) 100vw, 960px\" \/><\/a><\/p>\n<p>Dar\u00e1 inicio a las 16 horas en el tribunal federal de nuestra provincia donde se prev\u00e9 que finalice el mi\u00e9rcoles.<\/p>\n<p>Durante estos d\u00edas la dirigente recibi\u00f3 la visita de personalidades destacadas del mundo \u00a0K como,\u00a0Axel Kicillof,\u00a0Eugenio Zaffaroni y un\u00a0grupo de cient\u00edficos que apoyan el pedido de liberaci\u00f3n.<\/p>\n<p>El proceso judicial continuar\u00e1 el mismo mi\u00e9rcoles con el inicio de uno nuevo referido al acampe que mantuvo fuera de Casa de Gobierno luego de la asunci\u00f3n del gobernador Gerardo Morales.<\/p>\n","protected":false},"excerpt":{"rendered":"<p>Dar\u00e1 inicio a las 16 horas en el tribunal federal de nuestra provincia donde se prev\u00e9 que finalice el mi\u00e9rcoles. Durante estos d\u00edas la dirigente recibi\u00f3 la visita de personalidades destacadas del mundo \u00a0K como,\u00a0Axel Kicillof,\u00a0Eugenio Zaffaroni y un\u00a0grupo de cient\u00edficos que apoyan el pedido de liberaci\u00f3n. El proceso judicial continuar\u00e1 el mismo mi\u00e9rcoles con [&hellip;]<\/p>\n","protected":false},"author":1,"featured_media":101669,"comment_status":"open","ping_status":"open","sticky":false,"template":"","format":"standard","meta":{"_stopmodifiedupdate":false,"_modified_date":"","inline_featured_image":false},"categories":[2,485],"tags":[],"jetpack_featured_media_url":"https:\/\/notinor.com\/jujuy\/wp-content\/uploads\/2016\/12\/milagro-sala-justicia-juicio.jpg","_links":{"self":[{"href":"https:\/\/notinor.com\/jujuy\/wp-json\/wp\/v2\/posts\/101667"}],"collection":[{"href":"https:\/\/notinor.com\/jujuy\/wp-json\/wp\/v2\/posts"}],"about":[{"href":"https:\/\/notinor.com\/jujuy\/wp-json\/wp\/v2\/types\/post"}],"author":[{"embeddable":true,"href":"https:\/\/notinor.com\/jujuy\/wp-json\/wp\/v2\/users\/1"}],"replies":[{"embeddable":true,"href":"https:\/\/notinor.com\/jujuy\/wp-json\/wp\/v2\/comments?post=101667"}],"version-history":[{"count":2,"href":"https:\/\/notinor.com\/jujuy\/wp-json\/wp\/v2\/posts\/101667\/revisions"}],"predecessor-version":[{"id":101671,"href":"https:\/\/notinor.com\/jujuy\/wp-json\/wp\/v2\/posts\/101667\/revisions\/101671"}],"wp:featuredmedia":[{"embeddable":true,"href":"https:\/\/notinor.com\/jujuy\/wp-json\/wp\/v2\/media\/101669"}],"wp:attachment":[{"href":"https:\/\/notinor.com\/jujuy\/wp-json\/wp\/v2\/media?parent=101667"}],"wp:term":[{"taxonomy":"category","embeddable":true,"href":"https:\/\/notinor.com\/jujuy\/wp-json\/wp\/v2\/categories?post=101667"},{"taxonomy":"post_tag","embeddable":true,"href":"https:\/\/notinor.com\/jujuy\/wp-json\/wp\/v2\/tags?post=101667"}],"curies":[{"name":"wp","href":"https:\/\/api.w.org\/{rel}","templated":true}]}}