{"id":101335,"date":"2016-12-16T00:08:38","date_gmt":"2016-12-16T03:08:38","guid":{"rendered":"http:\/\/notinor.com\/jujuy\/?p=101335"},"modified":"2016-12-16T12:24:54","modified_gmt":"2016-12-16T15:24:54","slug":"nosotros-somos-buenos-pero-cada-vez-menos","status":"publish","type":"post","link":"https:\/\/notinor.com\/jujuy\/nosotros-somos-buenos-pero-cada-vez-menos\/","title":{"rendered":"\"Nosotros somos buenos\"... pero cada vez menos"},"content":{"rendered":"<p>&nbsp;<\/p>\n<p>Una jornada que inici\u00f3 en el Tribunal Oral ubicado en calle San Mart\u00edn donde estuvo presente la dirigente junto a \u00a0Graciela L\u00f3pez y Ram\u00f3n Salvatierra. Con las calles cortadas\u00a0con un fuerte operativo policial, militantes acompa\u00f1aron \u00a0a su lider, pero su numero no ascend\u00eda a cuarenta personas, que con parlantes simulaban ser la multitud a la que nos ten\u00edan acostumbrados con los cortes de calles y rutas.<\/p>\n<p><img decoding=\"async\" src=\"https:\/\/fb-s-c-a.akamaihd.net\/h-ak-xlf1\/v\/t1.0-9\/15578645_550059768524187_2407648345908243008_n.jpg?oh=1c8c446afc427c746f1bd2cbf80db183&amp;oe=58F02F3C&amp;__gda__=1492304576_9e5eb1187067fe8b86badf1987dc547c\" alt=\"La imagen puede contener: 10 personas, personas sentadas\" \/><\/p>\n<p>En una audiencia p\u00fablica presenciada por distintos medios de comunicaci\u00f3n de todo el pa\u00eds, Milagro Sala se present\u00f3 y realiz\u00f3 su declaraci\u00f3n negando los cargos que se le imputan. La acusaci\u00f3n en contra de los dirigentes es por la figura prevista en el c\u00f3digo penal de \u201camenazas coactivas y da\u00f1o agravado en concurso real\u201d.\u00a0Adem\u00e1s de Milagro Sala est\u00e1n acusados\u00a0Graciela L\u00f3pez y Ram\u00f3n Salvatierra.<\/p>\n<p>En primer t\u00e9rmino L\u00f3pez se declar\u00f3 inocente de los cargos que se le imputan y afirmo que s\u00f3lo estaba presente en el local esperando a Gerardo Morales para manifestarle su disconformidad sobre los dichos del funcionamiento de las cooperativas. Por otra parte indic\u00f3 que en el momento de los sucesos se encontraba dentro del local.<\/p>\n<p><img decoding=\"async\" src=\"https:\/\/scontent-eze1-1.xx.fbcdn.net\/v\/t1.0-9\/15589852_550059425190888_8115721661712955849_n.jpg?oh=40a566370db649e2c218ff2fe8a5cd4d&amp;oe=58F34061\" alt=\"La imagen puede contener: 2 personas, personas sentadas\" \/><\/p>\n<p>Por su parte\u00a0Ram\u00f3n Salvatierra tambi\u00e9n se declaro inocente y afirm\u00f3 que en momentos en que se produjo los sucesos y tiraban huevos al senador, el se encontraba en el ba\u00f1o y que s\u00f3lo pudo acompa\u00f1ar a la dirigente L\u00f3pez.<\/p>\n<p>En su declaraci\u00f3n, Milagro Sala afirm\u00f3 que el d\u00eda de los hechos no se encontraba en la capital provincial y que estaba trabajando en la ciudad e Monterrico junto a distintas organizaciones sociales. La dirigente mencion\u00f3 que no se realiz\u00f3 ninguna reuni\u00f3n preparatoria para organizar el \u201cescrache\u201d y que no ten\u00eda ning\u00fan tipo de mandato sobre L\u00f3pez y Salvatierra. En un tramo de su defensa Sala afirm\u00f3 que es una presa pol\u00edtica perseguida por el gobierno provincial y que conf\u00eda en la justicia porque no tuvo ning\u00fan tipo de relaci\u00f3n con el escrache en el consejo de ciencias econ\u00f3micas.<\/p>\n<p><img decoding=\"async\" src=\"https:\/\/fb-s-d-a.akamaihd.net\/h-ak-xal1\/v\/t1.0-9\/15589756_550059545190876_5833589574558341371_n.jpg?oh=7e05d348df9ef676957cfd6d068be161&amp;oe=58B298EA&amp;__gda__=1488049726_271c6c5536b194da9a6e7108e3e05d4e\" alt=\"La imagen puede contener: 3 personas\" \/><\/p>\n<p>El tribunal oral en lo criminal federal N\u00b01, integrado por los jueces Mario Marcelo Ju\u00e1rez Almar\u00e1z, Mar\u00eda Alejandra Cataldi y Federico Santiago D\u00edaz.<\/p>\n<p>Las im\u00e1genes de la jornada <strong><a href=\"https:\/\/www.facebook.com\/pg\/diarionotinor\/photos\/?tab=album&amp;album_id=550059345190896\" target=\"_blank\">HACER CLICK PARA VERLAS.\u00a0<\/a><\/strong><\/p>\n<p><iframe loading=\"lazy\" src=\"https:\/\/www.youtube.com\/embed\/FSAkL07u-Nw\" width=\"560\" height=\"315\" frameborder=\"0\" allowfullscreen=\"allowfullscreen\"><\/iframe><\/p>\n","protected":false},"excerpt":{"rendered":"<p>&nbsp; Una jornada que inici\u00f3 en el Tribunal Oral ubicado en calle San Mart\u00edn donde estuvo presente la dirigente junto a \u00a0Graciela L\u00f3pez y Ram\u00f3n Salvatierra. Con las calles cortadas\u00a0con un fuerte operativo policial, militantes acompa\u00f1aron \u00a0a su lider, pero su numero no ascend\u00eda a cuarenta personas, que con parlantes simulaban ser la multitud a [&hellip;]<\/p>\n","protected":false},"author":1,"featured_media":101336,"comment_status":"open","ping_status":"open","sticky":false,"template":"","format":"standard","meta":{"_stopmodifiedupdate":false,"_modified_date":"","inline_featured_image":false},"categories":[2,493],"tags":[],"jetpack_featured_media_url":"https:\/\/notinor.com\/jujuy\/wp-content\/uploads\/2016\/12\/sala-juicio.jpg","_links":{"self":[{"href":"https:\/\/notinor.com\/jujuy\/wp-json\/wp\/v2\/posts\/101335"}],"collection":[{"href":"https:\/\/notinor.com\/jujuy\/wp-json\/wp\/v2\/posts"}],"about":[{"href":"https:\/\/notinor.com\/jujuy\/wp-json\/wp\/v2\/types\/post"}],"author":[{"embeddable":true,"href":"https:\/\/notinor.com\/jujuy\/wp-json\/wp\/v2\/users\/1"}],"replies":[{"embeddable":true,"href":"https:\/\/notinor.com\/jujuy\/wp-json\/wp\/v2\/comments?post=101335"}],"version-history":[{"count":2,"href":"https:\/\/notinor.com\/jujuy\/wp-json\/wp\/v2\/posts\/101335\/revisions"}],"predecessor-version":[{"id":101453,"href":"https:\/\/notinor.com\/jujuy\/wp-json\/wp\/v2\/posts\/101335\/revisions\/101453"}],"wp:featuredmedia":[{"embeddable":true,"href":"https:\/\/notinor.com\/jujuy\/wp-json\/wp\/v2\/media\/101336"}],"wp:attachment":[{"href":"https:\/\/notinor.com\/jujuy\/wp-json\/wp\/v2\/media?parent=101335"}],"wp:term":[{"taxonomy":"category","embeddable":true,"href":"https:\/\/notinor.com\/jujuy\/wp-json\/wp\/v2\/categories?post=101335"},{"taxonomy":"post_tag","embeddable":true,"href":"https:\/\/notinor.com\/jujuy\/wp-json\/wp\/v2\/tags?post=101335"}],"curies":[{"name":"wp","href":"https:\/\/api.w.org\/{rel}","templated":true}]}}