{"id":101029,"date":"2016-12-14T00:00:31","date_gmt":"2016-12-14T03:00:31","guid":{"rendered":"http:\/\/notinor.com\/jujuy\/?p=101029"},"modified":"2016-12-14T01:10:00","modified_gmt":"2016-12-14T04:10:00","slug":"destacan-el-programa-maternidad-precoz-para-adolescentes","status":"publish","type":"post","link":"https:\/\/notinor.com\/jujuy\/destacan-el-programa-maternidad-precoz-para-adolescentes\/","title":{"rendered":"Destacan el Programa \"Maternidad precoz\" para adolescentes"},"content":{"rendered":"<p><a href=\"http:\/\/notinor.com\/jujuy\/wp-content\/uploads\/2016\/12\/Stela-Maris-Uro.jpg\"><img decoding=\"async\" loading=\"lazy\" class=\"alignnone size-full wp-image-101030\" src=\"http:\/\/notinor.com\/jujuy\/wp-content\/uploads\/2016\/12\/Stela-Maris-Uro.jpg\" alt=\"stela-maris-uro\" width=\"4320\" height=\"3240\" srcset=\"https:\/\/notinor.com\/jujuy\/wp-content\/uploads\/2016\/12\/Stela-Maris-Uro.jpg 4320w, https:\/\/notinor.com\/jujuy\/wp-content\/uploads\/2016\/12\/Stela-Maris-Uro-300x225.jpg 300w, https:\/\/notinor.com\/jujuy\/wp-content\/uploads\/2016\/12\/Stela-Maris-Uro-1024x768.jpg 1024w, https:\/\/notinor.com\/jujuy\/wp-content\/uploads\/2016\/12\/Stela-Maris-Uro-900x675.jpg 900w\" sizes=\"(max-width: 4320px) 100vw, 4320px\" \/><\/a><\/p>\n<p>Estela Maris Uro es coordinadora del Programa \"M\u00e1s derechos, m\u00e1s igualdad\" de la Secretaria de paridad de Genero. Este programa tiene dos proyectos, uno es \u00a0\"Derechos de G\u00e9neros\" \u00a0y el otro es \"Maternidad precoz\" que contempla talleres a adolescentes embarazadas.<\/p>\n<p>\"Maternidad precoz\" contempla un abordaje integral porque \u00a0se trabaja en distintas \u00e1reas porque se brinda educaci\u00f3n sexual, prevenci\u00f3n de embarazo, m\u00e9todos anticonceptivos. \"Se acompa\u00f1a a la adolescente \u00a0a trav\u00e9s de la escucha y conteniendola a ella y a su entorno\" por eso se articula \u00a0con otras \u00e1reas como el PLASONUP, Asignaci\u00f3n Universal por Hijo, acompa\u00f1ar para que ella gestione sus propios recursos.<\/p>\n<p><a href=\"http:\/\/notinor.com\/jujuy\/wp-content\/uploads\/2016\/12\/embarazo.jpg\"><img decoding=\"async\" loading=\"lazy\" class=\"alignnone size-full wp-image-101031\" src=\"http:\/\/notinor.com\/jujuy\/wp-content\/uploads\/2016\/12\/embarazo.jpg\" alt=\"embarazo\" width=\"920\" height=\"630\" srcset=\"https:\/\/notinor.com\/jujuy\/wp-content\/uploads\/2016\/12\/embarazo.jpg 920w, https:\/\/notinor.com\/jujuy\/wp-content\/uploads\/2016\/12\/embarazo-300x205.jpg 300w, https:\/\/notinor.com\/jujuy\/wp-content\/uploads\/2016\/12\/embarazo-900x616.jpg 900w\" sizes=\"(max-width: 920px) 100vw, 920px\" \/><\/a><\/p>\n<p>Uro destac\u00f3 que para muchos transitar la adolescencia es complejo pero que para las adolescentes embarazadas es mucho m\u00e1s complicado \" muchas veces hay madres y padres que no est\u00e1n de acuerdo con el embarazo de la adolescente y los expulsan del hogar, hay presiones para abortar, hay muchas situaciones que se pueden presentar\". La funcionaria destac\u00f3 que la mayor\u00eda de los embarazos \u00a0adolescentes son embarazos de riesgo porque el cuerpo de la adolescente todav\u00eda no esta preparado para esta situaci\u00f3n \"si bien muchos logran el embarazo muchas veces los ni\u00f1os nacen con bajo peso y son prematuros\". Tambi\u00e9n destac\u00f3 que hay muchos factores como la alimentaci\u00f3n que pueden determinar como transcurrir\u00e1 el embarazo y el puerperio de la adolescente.<\/p>\n<p>La funcionaria se\u00f1alo que cada vez hay mas madres adolescentes y muchas veces no tienen recursos para llevar a delante esta situaci\u00f3n \"incluso hay abuelas precoces que tambi\u00e9n se ven en la situaci\u00f3n de cuidar a su nieto y \u00a0deben dejar sus propias proyecciones de vida para ayudar a su hija que ahora es madre que tambi\u00e9n ven truncada sus posibilidades. \"En jujuy hay aproximadamente 77 adolescentes menores de 15 a\u00f1os embarazadas y son 2500 \u00a0embarazadas hasta 19 a\u00f1os\", esas cifras son las m\u00e1s actualizadas.<\/p>\n<p>Uro destac\u00f3 que en la Secretaria de Paridad de G\u00e9nero se pueden acercar a Necochea 270 para cualquier solicitud que se pueda en relaci\u00f3n a los derechos de las adolescentes que est\u00e1n embarazadas, finaliz\u00f3.<\/p>\n","protected":false},"excerpt":{"rendered":"<p>Estela Maris Uro es coordinadora del Programa \"M\u00e1s derechos, m\u00e1s igualdad\" de la Secretaria de paridad de Genero. Este programa tiene dos proyectos, uno es \u00a0\"Derechos de G\u00e9neros\" \u00a0y el otro es \"Maternidad precoz\" que contempla talleres a adolescentes embarazadas. \"Maternidad precoz\" contempla un abordaje integral porque \u00a0se trabaja en distintas \u00e1reas porque se brinda [&hellip;]<\/p>\n","protected":false},"author":1,"featured_media":101031,"comment_status":"open","ping_status":"open","sticky":false,"template":"","format":"standard","meta":{"_stopmodifiedupdate":false,"_modified_date":"","inline_featured_image":false},"categories":[493],"tags":[],"jetpack_featured_media_url":"https:\/\/notinor.com\/jujuy\/wp-content\/uploads\/2016\/12\/embarazo.jpg","_links":{"self":[{"href":"https:\/\/notinor.com\/jujuy\/wp-json\/wp\/v2\/posts\/101029"}],"collection":[{"href":"https:\/\/notinor.com\/jujuy\/wp-json\/wp\/v2\/posts"}],"about":[{"href":"https:\/\/notinor.com\/jujuy\/wp-json\/wp\/v2\/types\/post"}],"author":[{"embeddable":true,"href":"https:\/\/notinor.com\/jujuy\/wp-json\/wp\/v2\/users\/1"}],"replies":[{"embeddable":true,"href":"https:\/\/notinor.com\/jujuy\/wp-json\/wp\/v2\/comments?post=101029"}],"version-history":[{"count":3,"href":"https:\/\/notinor.com\/jujuy\/wp-json\/wp\/v2\/posts\/101029\/revisions"}],"predecessor-version":[{"id":101062,"href":"https:\/\/notinor.com\/jujuy\/wp-json\/wp\/v2\/posts\/101029\/revisions\/101062"}],"wp:featuredmedia":[{"embeddable":true,"href":"https:\/\/notinor.com\/jujuy\/wp-json\/wp\/v2\/media\/101031"}],"wp:attachment":[{"href":"https:\/\/notinor.com\/jujuy\/wp-json\/wp\/v2\/media?parent=101029"}],"wp:term":[{"taxonomy":"category","embeddable":true,"href":"https:\/\/notinor.com\/jujuy\/wp-json\/wp\/v2\/categories?post=101029"},{"taxonomy":"post_tag","embeddable":true,"href":"https:\/\/notinor.com\/jujuy\/wp-json\/wp\/v2\/tags?post=101029"}],"curies":[{"name":"wp","href":"https:\/\/api.w.org\/{rel}","templated":true}]}}