{"id":100855,"date":"2016-12-12T00:10:07","date_gmt":"2016-12-12T03:10:07","guid":{"rendered":"http:\/\/notinor.com\/jujuy\/?p=100855"},"modified":"2016-12-12T03:13:06","modified_gmt":"2016-12-12T06:13:06","slug":"se-intensifican-los-trabajos-de-prevencion-contra-el-dengue","status":"publish","type":"post","link":"https:\/\/notinor.com\/jujuy\/se-intensifican-los-trabajos-de-prevencion-contra-el-dengue\/","title":{"rendered":"Se intensifican los trabajos de prevenci\u00f3n contra el dengue"},"content":{"rendered":"<div class=\"user-content\">\n<p><a href=\"http:\/\/notinor.com\/jujuy\/wp-content\/uploads\/2016\/04\/trabajos-de-descacharrado-.jpg\"><img decoding=\"async\" loading=\"lazy\" class=\"alignnone size-full wp-image-70257\" src=\"http:\/\/notinor.com\/jujuy\/wp-content\/uploads\/2016\/04\/trabajos-de-descacharrado-.jpg\" alt=\"trabajos-de-descacharrado-\" width=\"640\" height=\"480\" srcset=\"https:\/\/notinor.com\/jujuy\/wp-content\/uploads\/2016\/04\/trabajos-de-descacharrado-.jpg 640w, https:\/\/notinor.com\/jujuy\/wp-content\/uploads\/2016\/04\/trabajos-de-descacharrado--300x225.jpg 300w\" sizes=\"(max-width: 640px) 100vw, 640px\" \/><\/a><\/p>\n<p>El Ministro de salud Mario Fiad, afirm\u00f3 que se viene \u00a0desarrollando una gran tarea en forma conjunta con los municipios y se ha firmado un convenio con cada uno de los intendentes y comisionados municipales de zona en riesgo para que la tarea contra el mosquito sea permanente y anual.<\/p>\n<p>Se pretende tambi\u00e9n concientizar a toda la ciudadan\u00eda sobre su rol y la importancia de cada persona en la prevenci\u00f3n de estas enfermedades \u201cEstamos trabajando con el personal del hospital Snopek del \u00e1rea de APS; a trav\u00e9s de nivel central con los agentes sanitarios y ambientales, la colaboraci\u00f3n del ej\u00e9rcito argentino\u00a0 con su personal y log\u00edstica, el Municipio con un gran aporte en general. Cabe se\u00f1alar, que se cont\u00f3 con una gran participaci\u00f3n vecinal quienes\u00a0 depositaron los cacharros y bolsas en las veredas para facilitar la tarea de recolecci\u00f3n y transporte a los agentes sanitarios, ambientales y Gendarmer\u00eda.<\/p>\n<p>Se descacharraron 60 manzanas del barrio Alto Comedero recorriendo los sectores B6, Copacabana, Industrial, Independencia, 1\u00ba de Agosto, Bombonerita, Asentamiento Arroyo Las Martas, San Benito y San Nicol\u00e1s.<\/p>\n<\/div>\n","protected":false},"excerpt":{"rendered":"<p>El Ministro de salud Mario Fiad, afirm\u00f3 que se viene \u00a0desarrollando una gran tarea en forma conjunta con los municipios y se ha firmado un convenio con cada uno de los intendentes y comisionados municipales de zona en riesgo para que la tarea contra el mosquito sea permanente y anual. Se pretende tambi\u00e9n concientizar a [&hellip;]<\/p>\n","protected":false},"author":1,"featured_media":70257,"comment_status":"open","ping_status":"open","sticky":false,"template":"","format":"standard","meta":{"_stopmodifiedupdate":false,"_modified_date":"","inline_featured_image":false},"categories":[2,485],"tags":[],"jetpack_featured_media_url":"https:\/\/notinor.com\/jujuy\/wp-content\/uploads\/2016\/04\/trabajos-de-descacharrado-.jpg","_links":{"self":[{"href":"https:\/\/notinor.com\/jujuy\/wp-json\/wp\/v2\/posts\/100855"}],"collection":[{"href":"https:\/\/notinor.com\/jujuy\/wp-json\/wp\/v2\/posts"}],"about":[{"href":"https:\/\/notinor.com\/jujuy\/wp-json\/wp\/v2\/types\/post"}],"author":[{"embeddable":true,"href":"https:\/\/notinor.com\/jujuy\/wp-json\/wp\/v2\/users\/1"}],"replies":[{"embeddable":true,"href":"https:\/\/notinor.com\/jujuy\/wp-json\/wp\/v2\/comments?post=100855"}],"version-history":[{"count":1,"href":"https:\/\/notinor.com\/jujuy\/wp-json\/wp\/v2\/posts\/100855\/revisions"}],"predecessor-version":[{"id":100857,"href":"https:\/\/notinor.com\/jujuy\/wp-json\/wp\/v2\/posts\/100855\/revisions\/100857"}],"wp:featuredmedia":[{"embeddable":true,"href":"https:\/\/notinor.com\/jujuy\/wp-json\/wp\/v2\/media\/70257"}],"wp:attachment":[{"href":"https:\/\/notinor.com\/jujuy\/wp-json\/wp\/v2\/media?parent=100855"}],"wp:term":[{"taxonomy":"category","embeddable":true,"href":"https:\/\/notinor.com\/jujuy\/wp-json\/wp\/v2\/categories?post=100855"},{"taxonomy":"post_tag","embeddable":true,"href":"https:\/\/notinor.com\/jujuy\/wp-json\/wp\/v2\/tags?post=100855"}],"curies":[{"name":"wp","href":"https:\/\/api.w.org\/{rel}","templated":true}]}}