{"id":100214,"date":"2016-12-06T00:00:08","date_gmt":"2016-12-06T03:00:08","guid":{"rendered":"http:\/\/notinor.com\/jujuy\/?p=100214"},"modified":"2016-12-05T22:49:54","modified_gmt":"2016-12-06T01:49:54","slug":"patricia-bullrich-dice-que-se-avizora-un-diciembre-tranquilo","status":"publish","type":"post","link":"https:\/\/notinor.com\/jujuy\/patricia-bullrich-dice-que-se-avizora-un-diciembre-tranquilo\/","title":{"rendered":"Patricia Bullrich dice que se avizora \"un diciembre tranquilo\""},"content":{"rendered":"<p><a href=\"http:\/\/notinor.com\/jujuy\/wp-content\/uploads\/2016\/11\/bullrich-3.jpg\"><img decoding=\"async\" loading=\"lazy\" class=\"alignnone size-full wp-image-99087\" src=\"http:\/\/notinor.com\/jujuy\/wp-content\/uploads\/2016\/11\/bullrich-3.jpg\" alt=\"bullrich-3\" width=\"700\" height=\"465\" srcset=\"https:\/\/notinor.com\/jujuy\/wp-content\/uploads\/2016\/11\/bullrich-3.jpg 700w, https:\/\/notinor.com\/jujuy\/wp-content\/uploads\/2016\/11\/bullrich-3-300x199.jpg 300w\" sizes=\"(max-width: 700px) 100vw, 700px\" \/><\/a><\/p>\n<p>La funcionaria admiti\u00f3 que en Facebook circulan expresiones que anuncian que \"en diciembre habr\u00e1 problemas\". Se trata de \"grupos pol\u00edticos, que tienen objetivos pol\u00edticos, y no de grupos sociales\", afirm\u00f3.<\/p>\n<p>La ministra afirm\u00f3 que en su primer a\u00f1o de gesti\u00f3n, el presidente Mauricio Macri \"ha ordenado un Estado que estuvo al servicio de una dirigencia pol\u00edtica, y que viv\u00eda fuera de la ley\".<\/p>\n<p>Respecto a las fuerzas de seguridad, la ministro se\u00f1al\u00f3 que \"tuvieron un a\u00f1o de mucho trabajo y muchos cambios para bien, con mejoras de sueldos\", y consider\u00f3 que a los agentes se los percibe \"conformes\".<\/p>\n<p>\"Mi objetivo es cambiar la seguridad para el bien de los argentinos. Creo que nunca se trabaj\u00f3 como ahora en el tema de narcotr\u00e1fico. Espero que el Presidente me mantenga en ese lugar\", concluy\u00f3 Bullrich.<\/p>\n","protected":false},"excerpt":{"rendered":"<p>La funcionaria admiti\u00f3 que en Facebook circulan expresiones que anuncian que \"en diciembre habr\u00e1 problemas\". Se trata de \"grupos pol\u00edticos, que tienen objetivos pol\u00edticos, y no de grupos sociales\", afirm\u00f3. La ministra afirm\u00f3 que en su primer a\u00f1o de gesti\u00f3n, el presidente Mauricio Macri \"ha ordenado un Estado que estuvo al servicio de una dirigencia [&hellip;]<\/p>\n","protected":false},"author":1,"featured_media":99087,"comment_status":"open","ping_status":"open","sticky":false,"template":"","format":"standard","meta":{"_stopmodifiedupdate":false,"_modified_date":"","inline_featured_image":false,"spay_email":"","jetpack_publicize_message":""},"categories":[5],"tags":[],"jetpack_featured_media_url":"https:\/\/notinor.com\/jujuy\/wp-content\/uploads\/2016\/11\/bullrich-3.jpg","jetpack_publicize_connections":[],"_links":{"self":[{"href":"https:\/\/notinor.com\/jujuy\/wp-json\/wp\/v2\/posts\/100214"}],"collection":[{"href":"https:\/\/notinor.com\/jujuy\/wp-json\/wp\/v2\/posts"}],"about":[{"href":"https:\/\/notinor.com\/jujuy\/wp-json\/wp\/v2\/types\/post"}],"author":[{"embeddable":true,"href":"https:\/\/notinor.com\/jujuy\/wp-json\/wp\/v2\/users\/1"}],"replies":[{"embeddable":true,"href":"https:\/\/notinor.com\/jujuy\/wp-json\/wp\/v2\/comments?post=100214"}],"version-history":[{"count":1,"href":"https:\/\/notinor.com\/jujuy\/wp-json\/wp\/v2\/posts\/100214\/revisions"}],"predecessor-version":[{"id":100215,"href":"https:\/\/notinor.com\/jujuy\/wp-json\/wp\/v2\/posts\/100214\/revisions\/100215"}],"wp:featuredmedia":[{"embeddable":true,"href":"https:\/\/notinor.com\/jujuy\/wp-json\/wp\/v2\/media\/99087"}],"wp:attachment":[{"href":"https:\/\/notinor.com\/jujuy\/wp-json\/wp\/v2\/media?parent=100214"}],"wp:term":[{"taxonomy":"category","embeddable":true,"href":"https:\/\/notinor.com\/jujuy\/wp-json\/wp\/v2\/categories?post=100214"},{"taxonomy":"post_tag","embeddable":true,"href":"https:\/\/notinor.com\/jujuy\/wp-json\/wp\/v2\/tags?post=100214"}],"curies":[{"name":"wp","href":"https:\/\/api.w.org\/{rel}","templated":true}]}}