{"id":100191,"date":"2016-12-06T00:00:12","date_gmt":"2016-12-06T03:00:12","guid":{"rendered":"http:\/\/notinor.com\/jujuy\/?p=100191"},"modified":"2016-12-05T18:38:04","modified_gmt":"2016-12-05T21:38:04","slug":"dia-internacional-de-las-personas-con-discapacidad-1-jornada-de-capacitacion","status":"publish","type":"post","link":"https:\/\/notinor.com\/jujuy\/dia-internacional-de-las-personas-con-discapacidad-1-jornada-de-capacitacion\/","title":{"rendered":"D\u00eda Internacional de las Personas con Discapacidad: 1\u00b0 Jornada de Capacitaci\u00f3n"},"content":{"rendered":"<p><a href=\"http:\/\/notinor.com\/jujuy\/wp-content\/uploads\/2016\/12\/Jornada-d\u00eda-de-la-discapacidad.jpg\"><img decoding=\"async\" loading=\"lazy\" class=\"size-medium wp-image-100193 aligncenter\" src=\"http:\/\/notinor.com\/jujuy\/wp-content\/uploads\/2016\/12\/Jornada-d\u00eda-de-la-discapacidad-300x198.jpg\" alt=\"jornada-dia-de-la-discapacidad\" width=\"300\" height=\"198\" srcset=\"https:\/\/notinor.com\/jujuy\/wp-content\/uploads\/2016\/12\/Jornada-d\u00eda-de-la-discapacidad-300x198.jpg 300w, https:\/\/notinor.com\/jujuy\/wp-content\/uploads\/2016\/12\/Jornada-d\u00eda-de-la-discapacidad.jpg 800w\" sizes=\"(max-width: 300px) 100vw, 300px\" \/><\/a><\/p>\n<p>La Plaza Belgrano se visti\u00f3 de colores con la concurrencia de personas con remeras que hac\u00eda alusi\u00f3n a la tem\u00e1tica; los colores simbolizaron la no discriminaci\u00f3n, la pluralidad, las diferencia y la necesidad de incluir bajo un mismo trato brindando igualdad de oportunidades.<\/p>\n<p>En ese contexto, la Secretaria de Desarrollo Humano, Amalia Sinfuentes\u00a0 felicit\u00f3 a las diferentes direcciones que llevaron adelante esta actividad como la Direcci\u00f3n General de Desarrollo Familiar, el departamento de Discapacidad y Adultos Mayores.<\/p>\n<p>Tambi\u00e9n Sinfuentes se refiri\u00f3 a las acciones que se est\u00e1n desarrollando sobre el poder fomentar un Jujuy accesible por lo que inform\u00f3, \"Ya tenemos la \u00faltima ordenanza, ahora debemos\u00a0 capacitar a todas las \u00e1reas del municipio en Lenguaje para sordos. El fin es poder contar con personal id\u00f3neo en las oficinas que hable en lengua de se\u00f1as para poder tener una mejor atenci\u00f3n\".<\/p>\n<p>Por otro lado, Rosina Garrido, de la Direcci\u00f3n General de Desarrollo Familiar, manifest\u00f3 \"el municipio est\u00e1 nuevamente presente, porque lo que queremos\u00a0 es poder compartir con el vecino, en esta jornada de sensibilizaci\u00f3n. Es importante entender que nos tenemos que incluir e incluir no es solo\u00a0 poner una rampa, sino desde la participaci\u00f3n de la familia\".<\/p>\n<p>&nbsp;<\/p>\n<p>&nbsp;<\/p>\n","protected":false},"excerpt":{"rendered":"<p>La Plaza Belgrano se visti\u00f3 de colores con la concurrencia de personas con remeras que hac\u00eda alusi\u00f3n a la tem\u00e1tica; los colores simbolizaron la no discriminaci\u00f3n, la pluralidad, las diferencia y la necesidad de incluir bajo un mismo trato brindando igualdad de oportunidades. En ese contexto, la Secretaria de Desarrollo Humano, Amalia Sinfuentes\u00a0 felicit\u00f3 a [&hellip;]<\/p>\n","protected":false},"author":5,"featured_media":100193,"comment_status":"open","ping_status":"open","sticky":false,"template":"","format":"standard","meta":{"_stopmodifiedupdate":false,"_modified_date":"","inline_featured_image":false,"spay_email":"","jetpack_publicize_message":""},"categories":[490],"tags":[],"jetpack_featured_media_url":"https:\/\/notinor.com\/jujuy\/wp-content\/uploads\/2016\/12\/Jornada-d\u00eda-de-la-discapacidad.jpg","jetpack_publicize_connections":[],"_links":{"self":[{"href":"https:\/\/notinor.com\/jujuy\/wp-json\/wp\/v2\/posts\/100191"}],"collection":[{"href":"https:\/\/notinor.com\/jujuy\/wp-json\/wp\/v2\/posts"}],"about":[{"href":"https:\/\/notinor.com\/jujuy\/wp-json\/wp\/v2\/types\/post"}],"author":[{"embeddable":true,"href":"https:\/\/notinor.com\/jujuy\/wp-json\/wp\/v2\/users\/5"}],"replies":[{"embeddable":true,"href":"https:\/\/notinor.com\/jujuy\/wp-json\/wp\/v2\/comments?post=100191"}],"version-history":[{"count":2,"href":"https:\/\/notinor.com\/jujuy\/wp-json\/wp\/v2\/posts\/100191\/revisions"}],"predecessor-version":[{"id":100194,"href":"https:\/\/notinor.com\/jujuy\/wp-json\/wp\/v2\/posts\/100191\/revisions\/100194"}],"wp:featuredmedia":[{"embeddable":true,"href":"https:\/\/notinor.com\/jujuy\/wp-json\/wp\/v2\/media\/100193"}],"wp:attachment":[{"href":"https:\/\/notinor.com\/jujuy\/wp-json\/wp\/v2\/media?parent=100191"}],"wp:term":[{"taxonomy":"category","embeddable":true,"href":"https:\/\/notinor.com\/jujuy\/wp-json\/wp\/v2\/categories?post=100191"},{"taxonomy":"post_tag","embeddable":true,"href":"https:\/\/notinor.com\/jujuy\/wp-json\/wp\/v2\/tags?post=100191"}],"curies":[{"name":"wp","href":"https:\/\/api.w.org\/{rel}","templated":true}]}}